{"id":126697,"date":"2014-07-08T00:12:38","date_gmt":"2014-07-08T00:12:38","guid":{"rendered":"http:\/\/www.fuldaer-nachrichten.de\/?p=126697"},"modified":"2014-07-07T16:05:45","modified_gmt":"2014-07-07T16:05:45","slug":"eine-wander-und-pilgerroute-die-es-zu-entdecken-lohnt","status":"publish","type":"post","link":"https:\/\/www.fuldaernachrichten.de\/?p=126697","title":{"rendered":"Eine Wander- und Pilgerroute, die es zu entdecken lohnt"},"content":{"rendered":"<div id=\"attachment_126699\" style=\"width: 275px\" class=\"wp-caption alignleft\"><a href=\"http:\/\/www.fuldaer-nachrichten.de\/wp-content\/uploads\/2014\/07\/image003.jpg\"><img fetchpriority=\"high\" decoding=\"async\" aria-describedby=\"caption-attachment-126699\" class=\"size-thumbnail wp-image-126699\" src=\"http:\/\/www.fuldaer-nachrichten.de\/wp-content\/uploads\/2014\/07\/image003-265x198.jpg\" alt=\"Rege Nachfrage nach Wanderangeboten, \u00dcbernachtungsm\u00f6glichkeiten und Gruppenunterk\u00fcnften am Stand auf der Landesgartenschau in Gie\u00dfen. Fotos: Bonifatius-Route.\" width=\"265\" height=\"198\" srcset=\"https:\/\/www.fuldaernachrichten.de\/wp-content\/uploads\/2014\/07\/image003-265x198.jpg 265w, https:\/\/www.fuldaernachrichten.de\/wp-content\/uploads\/2014\/07\/image003.jpg 397w\" sizes=\"(max-width: 265px) 100vw, 265px\" \/><\/a><p id=\"caption-attachment-126699\" class=\"wp-caption-text\">Rege Nachfrage nach Wanderangeboten, \u00dcbernachtungsm\u00f6glichkeiten und Gruppenunterk\u00fcnften am Stand auf der Landesgartenschau in Gie\u00dfen. Fotos: Bonifatius-Route.<\/p><\/div>\n<p>Gie\u00dfen. \u201eIm Jubil\u00e4umsjahr setzen wir unsere erfolgreiche Werbekampagne f\u00fcr die Bonifatius-Route nochmals verst\u00e4rkt fort\u201c, so Gudrun Haas, Schatzmeisterin des Vereins Bonifatius-Route. Ziel der Werbeaktion war am Pfingstsonntag und ersten Julisonntag der Pavillon der Regionen innerhalb der Landesgartenschau in Gie\u00dfen.<br \/>\nDort angekommen informierten die Vorstandsmitglieder Gudrun Haas, Kurt Racky und Hartmut Greb die Besucher \u00fcber das Jubil\u00e4umsjahr 2014 und die zahlreichen Veranstaltungen, die sich rund um die Route ranken.<!--more--><\/p>\n<p>Mit im Gep\u00e4ck waren nat\u00fcrlich auch die anderen Kultur- und Pilgerwege in Hessen, die sich zum \u201e\u00d6kumenischen Pilgersommer Hessen\u201c zusammengetan haben. Unter dem Motto: \u201eWander- und Pilgerrouten in der Region stellen sich vor\u201c, traten mehrere Initiativen und Vereine gemeinschaftlich auf.<\/p>\n<p><a href=\"http:\/\/www.fuldaer-nachrichten.de\/wp-content\/uploads\/2014\/07\/image002.jpg\"><img decoding=\"async\" class=\"alignleft size-thumbnail wp-image-126698\" src=\"http:\/\/www.fuldaer-nachrichten.de\/wp-content\/uploads\/2014\/07\/image002-265x198.jpg\" alt=\"image002\" width=\"265\" height=\"198\" srcset=\"https:\/\/www.fuldaernachrichten.de\/wp-content\/uploads\/2014\/07\/image002-265x198.jpg 265w, https:\/\/www.fuldaernachrichten.de\/wp-content\/uploads\/2014\/07\/image002.jpg 396w\" sizes=\"(max-width: 265px) 100vw, 265px\" \/><\/a>Im Mittelpunkt des Besucherinteresses standen die Fragestellungen nach Tagesetappen, \u00dcbernachtungsm\u00f6glichkeiten und Gruppenunterk\u00fcnften. Auch Kurz- und Schnuppertouren f\u00fcr Einsteiger waren ein Thema f\u00fcr die Gartenschaubesucher. Eine konkrete Anfrage einer Pfadfindergruppe, die die Bonifatius-Route erkunden will, war Beleg daf\u00fcr, dass verschiedenste Interessenten die Route f\u00fcr ihre Arbeit und Ausbildung nutzen.<\/p>\n<p>Die Karte des Rhein-Main-Verkehrsverbundes war ein gefragter Artikel und musste st\u00e4ndig nachgelegt werden, um die Nachfragen nach der Anbindung mittels \u00d6PNV zu erf\u00fcllen. Die stolze Zahl von 150.000 Druckexemplaren \u00fcber einen Zeitraum von 10 Jahren ist Indiz f\u00fcr den hohen Stellenwert der Route. Die Wanderangebote der Region Vogelsberg Touristik \u2013 besonders die Extra-Touren \u2013 wurden ebenso stark nachgefragt. Weitblick-Tour, Sch\u00e4cherbach-Tour oder Bach-Tour waren Begriffe, die den Besuchern vertraut erschienen. Ein Gl\u00fccksfall daher, dass die Vogelsberg Touristik Partner des Pavillons ist und die entsprechenden Brosch\u00fcren bereith\u00e4lt.<\/p>\n<p>\u201eWir sind mit unserem Auftritt auf der Landesgartenschau zufrieden\u201c, so Kurt Racky als stellvertretender Vorsitzender der Route. Auch das von ihm mitbeworbene Musikinstrumentenmuseum in Li\u00dfberg fand Aufmerksamkeit, besonders dann, wenn er mit seinem Pilgerhorn f\u00fcr eher ungewohnte T\u00f6ne sorgte.<\/p>\n<p>Die n\u00e4chsten Veranstaltungen zum Jubil\u00e4um der Route finden rund um die Vogelsbergklinik in Ilbeshausen &#8211; Hochwaldhausen statt: Am 16. Juli, 16.30 Uhr, wird im Caf\u00e9 der Vogelsbergklinik die Ausstellung \u201eAuf den Spuren des Apostels der Deutschen er\u00f6ffnet\u201c. Einen ganz anderen Blickwinkel auf die Kirche wirft Kabarettist Thomas Klumb alias \u201eHeiliger Bimbam\u201c am Samstag, 19. Juli, 19.00 Uhr, (Termin ge\u00e4ndert !) im Haus des Gastes in Hochwaldhausen. Und am Sonntag, 27.07., 11.00 Uhr, gilt es ab der Vogelsberg-Klinik auf der Bonifatius-Route Kultur und Natur zu entdecken. Dr. Angela Metzner f\u00fchrt die Gruppe durch das Schwarzbachtal auf den Hoherodskopf. Bei allen Veranstaltungen ist der Eintritt frei, nur Fahrt- und Verpflegungskosten sind zu entrichten.<\/p>\n<p>Alle Infos hierzu finden sich unter www.bonifatius-route.de.<\/p>\n","protected":false},"excerpt":{"rendered":"<div class=\"tmnf_excerpt\"><p>Gie\u00dfen. \u201eIm Jubil\u00e4umsjahr setzen wir unsere erfolgreiche Werbekampagne f\u00fcr die Bonifatius-Route nochmals verst\u00e4rkt fort\u201c, so Gudrun Haas, Schatzmeisterin des Vereins Bonifatius-Route. Ziel der Werbeaktion war am Pfingstsonntag und ersten Julisonntag der Pavillon der Regionen innerhalb der Landesgartenschau in Gie\u00dfen. Dort angekommen informierten die Vorstandsmitglieder Gudrun Haas, Kurt Racky und Hartmut Greb die Besucher \u00fcber das &hellip;<\/p>\n<\/div>","protected":false},"author":1,"featured_media":0,"comment_status":"closed","ping_status":"closed","sticky":false,"template":"","format":"standard","meta":{"footnotes":""},"categories":[1,52],"tags":[],"class_list":["post-126697","post","type-post","status-publish","format-standard","hentry","category-startseite","category-umwelt"],"_links":{"self":[{"href":"https:\/\/www.fuldaernachrichten.de\/index.php?rest_route=\/wp\/v2\/posts\/126697","targetHints":{"allow":["GET"]}}],"collection":[{"href":"https:\/\/www.fuldaernachrichten.de\/index.php?rest_route=\/wp\/v2\/posts"}],"about":[{"href":"https:\/\/www.fuldaernachrichten.de\/index.php?rest_route=\/wp\/v2\/types\/post"}],"author":[{"embeddable":true,"href":"https:\/\/www.fuldaernachrichten.de\/index.php?rest_route=\/wp\/v2\/users\/1"}],"replies":[{"embeddable":true,"href":"https:\/\/www.fuldaernachrichten.de\/index.php?rest_route=%2Fwp%2Fv2%2Fcomments&post=126697"}],"version-history":[{"count":1,"href":"https:\/\/www.fuldaernachrichten.de\/index.php?rest_route=\/wp\/v2\/posts\/126697\/revisions"}],"predecessor-version":[{"id":126700,"href":"https:\/\/www.fuldaernachrichten.de\/index.php?rest_route=\/wp\/v2\/posts\/126697\/revisions\/126700"}],"wp:attachment":[{"href":"https:\/\/www.fuldaernachrichten.de\/index.php?rest_route=%2Fwp%2Fv2%2Fmedia&parent=126697"}],"wp:term":[{"taxonomy":"category","embeddable":true,"href":"https:\/\/www.fuldaernachrichten.de\/index.php?rest_route=%2Fwp%2Fv2%2Fcategories&post=126697"},{"taxonomy":"post_tag","embeddable":true,"href":"https:\/\/www.fuldaernachrichten.de\/index.php?rest_route=%2Fwp%2Fv2%2Ftags&post=126697"}],"curies":[{"name":"wp","href":"https:\/\/api.w.org\/{rel}","templated":true}]}}