{"id":126689,"date":"2014-07-08T00:12:09","date_gmt":"2014-07-08T00:12:09","guid":{"rendered":"http:\/\/www.fuldaer-nachrichten.de\/?p=126689"},"modified":"2014-07-07T16:02:47","modified_gmt":"2014-07-07T16:02:47","slug":"zur-zukunft-der-pastoral-im-bistum-fulda","status":"publish","type":"post","link":"https:\/\/www.fuldaernachrichten.de\/?p=126689","title":{"rendered":"Zur Zukunft der Pastoral im Bistum Fulda"},"content":{"rendered":"<p><strong><a href=\"http:\/\/www.fuldaer-nachrichten.de\/wp-content\/uploads\/2014\/07\/xabstimmungskonferenz20140627.jpg\"><img decoding=\"async\" class=\"alignleft size-thumbnail wp-image-126690\" src=\"http:\/\/www.fuldaer-nachrichten.de\/wp-content\/uploads\/2014\/07\/xabstimmungskonferenz20140627-265x148.jpg\" alt=\"xabstimmungskonferenz20140627\" width=\"265\" height=\"148\" srcset=\"https:\/\/www.fuldaernachrichten.de\/wp-content\/uploads\/2014\/07\/xabstimmungskonferenz20140627-265x148.jpg 265w, https:\/\/www.fuldaernachrichten.de\/wp-content\/uploads\/2014\/07\/xabstimmungskonferenz20140627.jpg 600w\" sizes=\"(max-width: 265px) 100vw, 265px\" \/><\/a><\/strong>Fulda, Geisa, Hanau, Kassel, Marburg (mz). Eine umfangreiche Stellungnahme haben Katholikenrat, katholische Vereine, Verb\u00e4nde und Organisationen auf die von Bischof Heinz Josef Algermissen ver\u00f6ffentlichten Grunds\u00e4tze zur Ausrichtung der Pastoral im Bistum Fulda jetzt vorgelegt.<!--more--><\/p>\n<p>In ihrem Brief danken die Laien dem Bischof f\u00fcr die breit angelegte M\u00f6glichkeit zur Anh\u00f6rung. Sie verstehen sich selbst dabei als \u00e2\u20ac\u0161Miteigent\u00fcmer an der Entwicklung unseres Bistums, als Volk Gottes auf dem Weg\u00e2\u20ac\u2122. In ihrem Schreiben weisen die Laienvertreter darauf hin, dass die Mitverantwortung der Laien im Bistum konkretisiert werden muss. Dabei komme es darauf an, klare Aufgaben zu definieren, Schulung und Begleitung sicher zu stellen und Laien verbindlich in Mitverantwortung einzubinden.<\/p>\n<p>\u201eAuff\u00e4llig war in unseren Gespr\u00e4chen, welchen hohen Stellenwert f\u00fcr die weitere Entwicklung der Pastoral Kommunikation, Verbindlichkeit und Transparenz haben.\u201c betonte der Vorsitzende des Katholikenrates, Steffen Flicker (Fulda) bei der Pr\u00e4sentation der Stellungnahme.<\/p>\n<p>F\u00fcr das weitere Vorgehen im Bistum schlagen die Laienvertreter in ihrem Schreiben eine breit angelegte Beteiligung bei der Formulierung strategischer Ziele f\u00fcr die Entwicklung der Pastoral vor. Ausdr\u00fccklich beziehen sich die Laien auf die von Papst Franziskus in seinem apostolischen Schreiben Evangelii gaudium formulierten Absicht \u201eauf dem Weg einer pastoralen und missionarischen Neuausrichtung voranzuschreiten, der die Dinge nicht so belassen darf, wie sie sind\u201c.<\/p>\n<p>\u201eWir unterst\u00fctzen Bischof Algermissen nachdr\u00fccklich in seinem Vorgehen zur Entwicklung der Pastoral und wir sind zuversichtlich, dass unser Bistum auf einem guten Weg ist. Der Bischof kann uns an seiner Seite wissen\u201c, so Steffen Flicker abschlie\u00dfend.<\/p>\n","protected":false},"excerpt":{"rendered":"<div class=\"tmnf_excerpt\"><p>Fulda, Geisa, Hanau, Kassel, Marburg (mz). Eine umfangreiche Stellungnahme haben Katholikenrat, katholische Vereine, Verb\u00e4nde und Organisationen auf die von Bischof Heinz Josef Algermissen ver\u00f6ffentlichten Grunds\u00e4tze zur Ausrichtung der Pastoral im Bistum Fulda jetzt vorgelegt.<\/p>\n<\/div>","protected":false},"author":1,"featured_media":0,"comment_status":"closed","ping_status":"closed","sticky":false,"template":"","format":"standard","meta":{"footnotes":""},"categories":[1,50],"tags":[],"class_list":["post-126689","post","type-post","status-publish","format-standard","hentry","category-startseite","category-kirche"],"_links":{"self":[{"href":"https:\/\/www.fuldaernachrichten.de\/index.php?rest_route=\/wp\/v2\/posts\/126689","targetHints":{"allow":["GET"]}}],"collection":[{"href":"https:\/\/www.fuldaernachrichten.de\/index.php?rest_route=\/wp\/v2\/posts"}],"about":[{"href":"https:\/\/www.fuldaernachrichten.de\/index.php?rest_route=\/wp\/v2\/types\/post"}],"author":[{"embeddable":true,"href":"https:\/\/www.fuldaernachrichten.de\/index.php?rest_route=\/wp\/v2\/users\/1"}],"replies":[{"embeddable":true,"href":"https:\/\/www.fuldaernachrichten.de\/index.php?rest_route=%2Fwp%2Fv2%2Fcomments&post=126689"}],"version-history":[{"count":1,"href":"https:\/\/www.fuldaernachrichten.de\/index.php?rest_route=\/wp\/v2\/posts\/126689\/revisions"}],"predecessor-version":[{"id":126691,"href":"https:\/\/www.fuldaernachrichten.de\/index.php?rest_route=\/wp\/v2\/posts\/126689\/revisions\/126691"}],"wp:attachment":[{"href":"https:\/\/www.fuldaernachrichten.de\/index.php?rest_route=%2Fwp%2Fv2%2Fmedia&parent=126689"}],"wp:term":[{"taxonomy":"category","embeddable":true,"href":"https:\/\/www.fuldaernachrichten.de\/index.php?rest_route=%2Fwp%2Fv2%2Fcategories&post=126689"},{"taxonomy":"post_tag","embeddable":true,"href":"https:\/\/www.fuldaernachrichten.de\/index.php?rest_route=%2Fwp%2Fv2%2Ftags&post=126689"}],"curies":[{"name":"wp","href":"https:\/\/api.w.org\/{rel}","templated":true}]}}