{"id":126685,"date":"2014-07-08T00:12:21","date_gmt":"2014-07-08T00:12:21","guid":{"rendered":"http:\/\/www.fuldaer-nachrichten.de\/?p=126685"},"modified":"2014-07-07T15:59:00","modified_gmt":"2014-07-07T15:59:00","slug":"caritas-ausstellung-im-rhoenenergie-haus-weit-weg-ist-naeher-als-du-denkst-2","status":"publish","type":"post","link":"https:\/\/www.fuldaernachrichten.de\/?p=126685","title":{"rendered":"Caritas-Ausstellung im Rh\u00f6nEnergie-Haus: \u201eWeit weg ist n\u00e4her, als du denkst\u201c"},"content":{"rendered":"<p><a href=\"http:\/\/www.fuldaer-nachrichten.de\/wp-content\/uploads\/2014\/07\/zu-51-cs_Vernissage_Weit-weg..._CS_0714_Migration_IMG_3836.jpg\"><img decoding=\"async\" class=\"alignleft size-thumbnail wp-image-126686\" src=\"http:\/\/www.fuldaer-nachrichten.de\/wp-content\/uploads\/2014\/07\/zu-51-cs_Vernissage_Weit-weg..._CS_0714_Migration_IMG_3836-265x180.jpg\" alt=\"zu 51-cs_Vernissage_Weit weg..._CS_0714_Migration_IMG_3836\" width=\"265\" height=\"180\" srcset=\"https:\/\/www.fuldaernachrichten.de\/wp-content\/uploads\/2014\/07\/zu-51-cs_Vernissage_Weit-weg..._CS_0714_Migration_IMG_3836-265x180.jpg 265w, https:\/\/www.fuldaernachrichten.de\/wp-content\/uploads\/2014\/07\/zu-51-cs_Vernissage_Weit-weg..._CS_0714_Migration_IMG_3836.jpg 600w\" sizes=\"(max-width: 265px) 100vw, 265px\" \/><\/a>Fulda (cif). Mit syrischer Musik (arabische Laute \u201eOud\u201c und Gesang), vorgetragen von Ferid Eliya und einem weiteren Musiker \u2013 beide extra aus der Wetterau angereist, begann im Kundenzentrum der Rh\u00f6nEnergie in Fuldas City die Vernissage zur Caritas-Ausstellung \u201eWeit weg ist n\u00e4her, als du denkst\u201c gut passend mit internationalem Flair \u2013 geht es darin doch um die Folgen der Globalisierung, und wie die Menschen damit im Sinne einer besseren Welt umgehen k\u00f6nnen.<!--more--><\/p>\n<p>Nach dem musikalischen Intro ergriff zun\u00e4chst als \u201eHausherr\u201c Dipl.-Ing. Thomas Licht, Sachgebietsleiter Industrie- und Sondervertragskunden der Rh\u00f6nEnergie, das Wort, um die rund 50 G\u00e4ste willkommen zu hei\u00dfen und auf die bereits jahrelange fruchtbare Kooperation hinzuweisen, die nun dazu gef\u00fchrt habe, dass die Caritas ihr Jahresthema 2014 in Form einer Ausstellung bei der Rh\u00f6nEnergie pr\u00e4sentiere. In einem Gru\u00dfwort antworte Di\u00f6zesan-Caritasdirektor Dr. Markus Juch, der sich gleichfalls erfreut dar\u00fcber \u00e4u\u00dferte, dass die Caritas im Kundenzentrum der Rh\u00f6nEnergie in dieser Form pr\u00e4sent sein und ihre Anliegen und Themen darlegen d\u00fcrfe.<\/p>\n<p><a href=\"http:\/\/www.fuldaer-nachrichten.de\/wp-content\/uploads\/2014\/07\/zu-51-cs_Vernissage_Weit-weg..._CS_0714_Flucht_IMG_3846.jpg\"><img decoding=\"async\" class=\"alignleft size-thumbnail wp-image-126687\" src=\"http:\/\/www.fuldaer-nachrichten.de\/wp-content\/uploads\/2014\/07\/zu-51-cs_Vernissage_Weit-weg..._CS_0714_Flucht_IMG_3846-265x160.jpg\" alt=\"zu 51-cs_Vernissage_Weit weg..._CS_0714_Flucht_IMG_3846\" width=\"265\" height=\"160\" srcset=\"https:\/\/www.fuldaernachrichten.de\/wp-content\/uploads\/2014\/07\/zu-51-cs_Vernissage_Weit-weg..._CS_0714_Flucht_IMG_3846-265x160.jpg 265w, https:\/\/www.fuldaernachrichten.de\/wp-content\/uploads\/2014\/07\/zu-51-cs_Vernissage_Weit-weg..._CS_0714_Flucht_IMG_3846.jpg 600w\" sizes=\"(max-width: 265px) 100vw, 265px\" \/><\/a>Juch betonte, dass die Caritas erstmals eine ganze Palette von Themenbl\u00f6cken gleichzeitig pr\u00e4sentiere, um das umfassende Jahresthema in allen Facetten abzubilden. Die einzelnen Ausstellungsmodule wie Flucht und Migration, Bewahrung der Sch\u00f6pfung und Umgang mit den Ressourcen, Produktion und Konsum stellte anschlie\u00dfend Caritas-Pressereferent Dr. Christian Scharf vor, der die verschiedenen Aspekte des Alltagslebens in einer globalisierten Welt mit anschaulichen Beispielen anreicherte.<\/p>\n<p>Die Ausstelllung im Kundencenter der Rh\u00f6nEnergie ist zu den \u00fcblichen Gesch\u00e4ftszeiten des Energieversorgers zug\u00e4nglich und geht bis zum 29. Juli. Der n\u00e4chste Aktionstag ist am Donnerstag, dem 10. Juli. Dann wird von 11.00 bis 15.00 Uhr zum Caf\u00e9 International geladen.<\/p>\n","protected":false},"excerpt":{"rendered":"<div class=\"tmnf_excerpt\"><p>Fulda (cif). Mit syrischer Musik (arabische Laute \u201eOud\u201c und Gesang), vorgetragen von Ferid Eliya und einem weiteren Musiker \u2013 beide extra aus der Wetterau angereist, begann im Kundenzentrum der Rh\u00f6nEnergie in Fuldas City die Vernissage zur Caritas-Ausstellung \u201eWeit weg ist n\u00e4her, als du denkst\u201c gut passend mit internationalem Flair \u2013 geht es darin doch um &hellip;<\/p>\n<\/div>","protected":false},"author":1,"featured_media":0,"comment_status":"closed","ping_status":"closed","sticky":false,"template":"","format":"standard","meta":{"footnotes":""},"categories":[1,50],"tags":[],"class_list":["post-126685","post","type-post","status-publish","format-standard","hentry","category-startseite","category-kirche"],"_links":{"self":[{"href":"https:\/\/www.fuldaernachrichten.de\/index.php?rest_route=\/wp\/v2\/posts\/126685","targetHints":{"allow":["GET"]}}],"collection":[{"href":"https:\/\/www.fuldaernachrichten.de\/index.php?rest_route=\/wp\/v2\/posts"}],"about":[{"href":"https:\/\/www.fuldaernachrichten.de\/index.php?rest_route=\/wp\/v2\/types\/post"}],"author":[{"embeddable":true,"href":"https:\/\/www.fuldaernachrichten.de\/index.php?rest_route=\/wp\/v2\/users\/1"}],"replies":[{"embeddable":true,"href":"https:\/\/www.fuldaernachrichten.de\/index.php?rest_route=%2Fwp%2Fv2%2Fcomments&post=126685"}],"version-history":[{"count":1,"href":"https:\/\/www.fuldaernachrichten.de\/index.php?rest_route=\/wp\/v2\/posts\/126685\/revisions"}],"predecessor-version":[{"id":126688,"href":"https:\/\/www.fuldaernachrichten.de\/index.php?rest_route=\/wp\/v2\/posts\/126685\/revisions\/126688"}],"wp:attachment":[{"href":"https:\/\/www.fuldaernachrichten.de\/index.php?rest_route=%2Fwp%2Fv2%2Fmedia&parent=126685"}],"wp:term":[{"taxonomy":"category","embeddable":true,"href":"https:\/\/www.fuldaernachrichten.de\/index.php?rest_route=%2Fwp%2Fv2%2Fcategories&post=126685"},{"taxonomy":"post_tag","embeddable":true,"href":"https:\/\/www.fuldaernachrichten.de\/index.php?rest_route=%2Fwp%2Fv2%2Ftags&post=126685"}],"curies":[{"name":"wp","href":"https:\/\/api.w.org\/{rel}","templated":true}]}}