{"id":126659,"date":"2014-07-07T00:01:45","date_gmt":"2014-07-07T00:01:45","guid":{"rendered":"http:\/\/www.fuldaer-nachrichten.de\/?p=126659"},"modified":"2014-07-07T06:19:01","modified_gmt":"2014-07-07T06:19:01","slug":"schule-fuer-erwachsene-osthessen-und-landkreis-fulda-stellen-vormittagsangebot-zum-er-werb-des-hauptschulabschlusses-vor","status":"publish","type":"post","link":"https:\/\/www.fuldaernachrichten.de\/?p=126659","title":{"rendered":"Schule f\u00fcr Erwachsene Osthessen und Landkreis Fulda stellen Vormittagsangebot zum Erwerb des Hauptschulabschlusses vor"},"content":{"rendered":"<div id=\"attachment_126660\" style=\"width: 570px\" class=\"wp-caption alignnone\"><a href=\"http:\/\/www.fuldaer-nachrichten.de\/wp-content\/uploads\/2014\/07\/315-Hauptschulabschluss.jpg\"><img fetchpriority=\"high\" decoding=\"async\" aria-describedby=\"caption-attachment-126660\" class=\"size-full wp-image-126660\" src=\"http:\/\/www.fuldaer-nachrichten.de\/wp-content\/uploads\/2014\/07\/315-Hauptschulabschluss.jpg\" alt=\"Barbara Linder, Simone Stern, Anke Wehner und Thomas B\u00f6s (von links) hoffen, dass sich m\u00f6glichst viele Erwachsene f\u00fcr das neue Schulangebot anmelden.  Foto: Bickert\" width=\"560\" height=\"410\" \/><\/a><p id=\"caption-attachment-126660\" class=\"wp-caption-text\">Barbara Linder, Simone Stern, Anke Wehner und Thomas B\u00f6s (von links) hoffen, dass sich m\u00f6glichst viele Erwachsene f\u00fcr das neue Schulangebot anmelden. Foto: Bickert<\/p><\/div>\n<p>Fulda. 25 Frauen und M\u00e4nner waren dem Aufruf des Landkreises Fulda und der Schule f\u00fcr Erwachsene Osthessen gefolgt und besuchten eine Informationsveranstaltung im Eduard-Stieler-Campus, um sich \u00fcber den Erwerb des Hauptschulabschlusses im Vormittagsunterricht beraten zu lassen. Ab dem neuen Schuljahr soll das Programm an den Start gehen.<!--more--><\/p>\n<p>Das Angebot richtet sich an alle Erwachsenen ohne Schulabschluss. Besonders angesprochen sind Erziehende oder Alleinerziehende, die so die M\u00f6glichkeit haben sollen, w\u00e4hrend der Kita- oder Schulzeiten ihrer Kinder selbst die Schulbank zu dr\u00fccken. \u201eDie Gr\u00fcnde f\u00fcr mangelnde Schulbildung sind vielf\u00e4ltig. Wichtig ist, dass wir all denen, die keinen Abschluss haben, die M\u00f6glichkeit anbieten k\u00f6nnen, das Vers\u00e4umte nachzuholen\u201c, erkl\u00e4rt Barbara Linder, Sozialp\u00e4dagogin im Beratungsb\u00fcro f\u00fcr (Allein)Erziehende in Stadt und Landkreis Fulda. Gemeinsam mit ihrer Kollegin Simone Stern hat sie das Vormittagsangebot entwickelt, um vor allem Erziehenden die Chance zu geben, auf dem zweiten Bildungsweg eine qualifizierte Schulausbildung und damit bessere Berufsaussichten zu erreichen.<\/p>\n<p>Jeder Teilnehmer sollte ein Mindestalter von 18 Jahren haben oder im Laufe des n\u00e4chsten halben Jahres 18 werden und muss mindestens zehn Schulbesuchsjahre nachweisen k\u00f6nnen. Dar\u00fcber hinaus ist ein Aufnahmetest Pflicht, der \u201ein erster Linie die Deutschkenntnisse \u00fcberpr\u00fcft, damit wir wissen, dass der Sch\u00fcler dem Unterricht auch folgen kann\u201c, erkl\u00e4rt Thomas B\u00f6s, Leiter der Schule f\u00fcr Erwachsene Osthessen, die das Programm am Eduard-Stieler-Campus durchf\u00fchren wird. Jeweils montags bis freitags findet ab 9 Uhr der Unterricht in den F\u00e4chern Deutsch, Mathematik, Englisch, Arbeitslehre und Wirtschaft, Naturwissenschaften sowie Gemeinschaftskunde statt. In zwei Bl\u00f6cken von je eineinhalb Stunden mit einer Pause dazwischen soll den Sch\u00fclerinnen und Sch\u00fclern der Stoff f\u00fcr einen erfolgreichen Hauptschulabschluss vermittelt werden.<\/p>\n<p>Gute Erfolgsaussichten bescheinigt auch die Lehrerin des aktuellen Hauptschulkurses, Sabine Zirpins. Die Gymnasiallehrerin leitet bereits seit drei Jahren die Abendkurse f\u00fcr den Hauptschulabschluss an der Schule f\u00fcr Erwachsene Osthessen. Sie wei\u00df, wie wichtig es ist, die Sch\u00fcler zu motivieren und bei der Stange zu halten. \u201eUnterschiedliche \u00e4u\u00dfere oder famili\u00e4re Umst\u00e4nde k\u00f6nnen dazu f\u00fchren, dass Sch\u00fcler dem Unterricht fernbleiben oder abbrechen. Dem versuchen wir nat\u00fcrlich entgegenzusteuern und bieten Beratung an, wenn Fehlzeiten die kritische Grenze erreichen\u201c, sagt Zirpins.<\/p>\n<p>Wie wichtig ein Schulabschluss f\u00fcr die berufliche Integration in Ausbildung oder Arbeit ist, betont Anke Wehner, Beauftragte f\u00fcr Chancengleichheit am Arbeitsmarkt im Kreisjobcenter. Sie kennt die Arbeitsmarktlage gut und hofft, dass viele Menschen ohne Schulabschluss das Angebot annehmen und auf diesem Weg eine zweite Chance erhalten. \u201eIn einigen Berufen wie zum Beispiel im Bereich Pflege muss man f\u00fcr eine Ausbildung mindestens den Hauptschulabschluss nachweisen k\u00f6nnen. Ohne Qualifizierung erh\u00e4lt man keinen Zugang zu diesen Ausbildungsg\u00e4ngen\u201c, erkl\u00e4rt Wehner.<\/p>\n<p>Mindestens zwanzig Sch\u00fclerinnen und Sch\u00fcler m\u00fcssen zusammenkommen, damit das Programm an den Start gehen kann. Kosten f\u00fcr die Teilnahme am Unterricht fallen nicht an. Auch gibt es die M\u00f6glichkeit, zur Bestreitung des Lebensunterhalts einen Zuschuss nach dem Bundesausbildungsf\u00f6rderungsgesetz (BAF\u00f6G) zu erhalten. Dabei ist allerdings zu beachten, dass hohe Fehlzeiten oder ein vorzeitiger Abbruch des Schulbesuchs eine R\u00fcckforderung der staatlichen Leistungen zur Folge haben k\u00f6nnen. In den kommenden Wochen wollen sich die Verantwortlichen beim Landkreis Fulda und der Schule f\u00fcr Erwachsene durch eine gezielte \u00d6ffentlichkeitsarbeit verst\u00e4rkt daf\u00fcr einsetzen, dass sich m\u00f6glichst viele Interessenten f\u00fcr eine zweite Chance in Sachen Ausbildung und Beruf entscheiden.<\/p>\n<p>&nbsp;<\/p>\n<p><strong>Kontakt<\/strong><\/p>\n<p>Beratungsb\u00fcro f\u00fcr (Allein) Erziehende in Stadt und Landkreis Fulda<\/p>\n<p>Barbara Linder \/ Simone Stern<\/p>\n<p>Telefon (0661) 6006-8553 \/ -8557<\/p>\n<p>E-Mail: <a href=\"mailto:info@alleinerziehende-fulda.de\">info@alleinerziehende-fulda.de<\/a><\/p>\n<p><a href=\"http:\/\/www.alleinerziehende-fulda.de\">www.alleinerziehende-fulda.de<\/a><\/p>\n<p>&nbsp;<\/p>\n<p>Kreisjobcenter<\/p>\n<p>Anke Wehner<\/p>\n<p>Beauftragte f\u00fcr Chancengleichheit am Arbeitsmarkt<\/p>\n<p>Robert-Kircher-Str. 24<\/p>\n<p>36037 Fulda<\/p>\n<p>Telefon (0661) 6006-8082<\/p>\n<p>&nbsp;<\/p>\n<p>Schule f\u00fcr Erwachsene Osthessen<\/p>\n<p>Br\u00fcder-Grimm-Stra\u00dfe 5<\/p>\n<p>36037 Fulda<\/p>\n<p>Telefon (0661) 4803869-2<\/p>\n<p>E-Mail: <a href=\"mailto:sfe.osthessen@t-online.de\">sfe.osthessen@t-online.de<\/a><\/p>\n","protected":false},"excerpt":{"rendered":"<div class=\"tmnf_excerpt\"><p>Fulda. 25 Frauen und M\u00e4nner waren dem Aufruf des Landkreises Fulda und der Schule f\u00fcr Erwachsene Osthessen gefolgt und besuchten eine Informationsveranstaltung im Eduard-Stieler-Campus, um sich \u00fcber den Erwerb des Hauptschulabschlusses im Vormittagsunterricht beraten zu lassen. Ab dem neuen Schuljahr soll das Programm an den Start gehen.<\/p>\n<\/div>","protected":false},"author":1,"featured_media":0,"comment_status":"closed","ping_status":"closed","sticky":false,"template":"","format":"standard","meta":{"footnotes":""},"categories":[1,53,78],"tags":[],"class_list":["post-126659","post","type-post","status-publish","format-standard","hentry","category-startseite","category-bildung","category-topthema"],"_links":{"self":[{"href":"https:\/\/www.fuldaernachrichten.de\/index.php?rest_route=\/wp\/v2\/posts\/126659","targetHints":{"allow":["GET"]}}],"collection":[{"href":"https:\/\/www.fuldaernachrichten.de\/index.php?rest_route=\/wp\/v2\/posts"}],"about":[{"href":"https:\/\/www.fuldaernachrichten.de\/index.php?rest_route=\/wp\/v2\/types\/post"}],"author":[{"embeddable":true,"href":"https:\/\/www.fuldaernachrichten.de\/index.php?rest_route=\/wp\/v2\/users\/1"}],"replies":[{"embeddable":true,"href":"https:\/\/www.fuldaernachrichten.de\/index.php?rest_route=%2Fwp%2Fv2%2Fcomments&post=126659"}],"version-history":[{"count":2,"href":"https:\/\/www.fuldaernachrichten.de\/index.php?rest_route=\/wp\/v2\/posts\/126659\/revisions"}],"predecessor-version":[{"id":126684,"href":"https:\/\/www.fuldaernachrichten.de\/index.php?rest_route=\/wp\/v2\/posts\/126659\/revisions\/126684"}],"wp:attachment":[{"href":"https:\/\/www.fuldaernachrichten.de\/index.php?rest_route=%2Fwp%2Fv2%2Fmedia&parent=126659"}],"wp:term":[{"taxonomy":"category","embeddable":true,"href":"https:\/\/www.fuldaernachrichten.de\/index.php?rest_route=%2Fwp%2Fv2%2Fcategories&post=126659"},{"taxonomy":"post_tag","embeddable":true,"href":"https:\/\/www.fuldaernachrichten.de\/index.php?rest_route=%2Fwp%2Fv2%2Ftags&post=126659"}],"curies":[{"name":"wp","href":"https:\/\/api.w.org\/{rel}","templated":true}]}}