{"id":126597,"date":"2014-07-05T09:28:14","date_gmt":"2014-07-05T09:28:14","guid":{"rendered":"http:\/\/www.fuldaer-nachrichten.de\/?p=126597"},"modified":"2014-07-05T09:28:14","modified_gmt":"2014-07-05T09:28:14","slug":"sommerfest-im-alten-und-pflegeheim","status":"publish","type":"post","link":"https:\/\/www.fuldaernachrichten.de\/?p=126597","title":{"rendered":"Sommerfest im Alten- und Pflegeheim"},"content":{"rendered":"<p><a href=\"http:\/\/www.fuldaer-nachrichten.de\/wp-content\/uploads\/2014\/07\/Blasmusik-Magdlos.jpg\"><img fetchpriority=\"high\" decoding=\"async\" class=\"alignleft size-thumbnail wp-image-126598\" src=\"http:\/\/www.fuldaer-nachrichten.de\/wp-content\/uploads\/2014\/07\/Blasmusik-Magdlos-265x198.jpg\" alt=\"Blasmusik Magdlos\" width=\"265\" height=\"198\" srcset=\"https:\/\/www.fuldaernachrichten.de\/wp-content\/uploads\/2014\/07\/Blasmusik-Magdlos-265x198.jpg 265w, https:\/\/www.fuldaernachrichten.de\/wp-content\/uploads\/2014\/07\/Blasmusik-Magdlos.jpg 600w\" sizes=\"(max-width: 265px) 100vw, 265px\" \/><\/a>Flieden. Zum traditionellen Sommerfest hatte das Alten- und Pflegheim St. Katharina zusammen mit der Tagespflege St. Josef in gewohnter Weise am letzten Junisonntag geladen. Er\u00f6ffnet wurde das Fest mit einem evangelischen Wortgottesdienst mit Pfarrer Holger Biehn, f\u00fcr die musikalische Begleitung sorgte der Posaunenchor der evangelischen Kirchengemeinde Flieden-Neuhof.<!--more--><\/p>\n<p>Im Anschluss begr\u00fc\u00dfte Heimleiter Oliver Krah die G\u00e4ste und er\u00f6ffnete zun\u00e4chst ein gro\u00dfes Kuchenbuffet. Im Laufe des Nachmittags unterhielt die Blasmusik Magdlos die G\u00e4ste mit b\u00f6hmischer Blasmusik und Volksliedern, w\u00e4hrend f\u00fcr die kleinen G\u00e4ste ein Kinderschminken angeboten wurde. Interessenten konnten die R\u00e4ume der Tagespflege St. Josef besichtigen und sich \u00fcber das dortige Angebot informieren.<\/p>\n<p>Nach einem Gru\u00dfwort von B\u00fcrgermeister Christian Henkel endete das Sommerfest mit der Feier einer Heiligen Messe. Diese wurde von Kaplan Andr\u00e9 Viertelhausen zelebriert, die Magdloser Bl\u00e4ser begleiteten musikalisch.<\/p>\n","protected":false},"excerpt":{"rendered":"<div class=\"tmnf_excerpt\"><p>Flieden. Zum traditionellen Sommerfest hatte das Alten- und Pflegheim St. Katharina zusammen mit der Tagespflege St. Josef in gewohnter Weise am letzten Junisonntag geladen. Er\u00f6ffnet wurde das Fest mit einem evangelischen Wortgottesdienst mit Pfarrer Holger Biehn, f\u00fcr die musikalische Begleitung sorgte der Posaunenchor der evangelischen Kirchengemeinde Flieden-Neuhof.<\/p>\n<\/div>","protected":false},"author":1,"featured_media":0,"comment_status":"closed","ping_status":"closed","sticky":false,"template":"","format":"standard","meta":{"footnotes":""},"categories":[1],"tags":[],"class_list":["post-126597","post","type-post","status-publish","format-standard","hentry","category-startseite"],"_links":{"self":[{"href":"https:\/\/www.fuldaernachrichten.de\/index.php?rest_route=\/wp\/v2\/posts\/126597","targetHints":{"allow":["GET"]}}],"collection":[{"href":"https:\/\/www.fuldaernachrichten.de\/index.php?rest_route=\/wp\/v2\/posts"}],"about":[{"href":"https:\/\/www.fuldaernachrichten.de\/index.php?rest_route=\/wp\/v2\/types\/post"}],"author":[{"embeddable":true,"href":"https:\/\/www.fuldaernachrichten.de\/index.php?rest_route=\/wp\/v2\/users\/1"}],"replies":[{"embeddable":true,"href":"https:\/\/www.fuldaernachrichten.de\/index.php?rest_route=%2Fwp%2Fv2%2Fcomments&post=126597"}],"version-history":[{"count":1,"href":"https:\/\/www.fuldaernachrichten.de\/index.php?rest_route=\/wp\/v2\/posts\/126597\/revisions"}],"predecessor-version":[{"id":126599,"href":"https:\/\/www.fuldaernachrichten.de\/index.php?rest_route=\/wp\/v2\/posts\/126597\/revisions\/126599"}],"wp:attachment":[{"href":"https:\/\/www.fuldaernachrichten.de\/index.php?rest_route=%2Fwp%2Fv2%2Fmedia&parent=126597"}],"wp:term":[{"taxonomy":"category","embeddable":true,"href":"https:\/\/www.fuldaernachrichten.de\/index.php?rest_route=%2Fwp%2Fv2%2Fcategories&post=126597"},{"taxonomy":"post_tag","embeddable":true,"href":"https:\/\/www.fuldaernachrichten.de\/index.php?rest_route=%2Fwp%2Fv2%2Ftags&post=126597"}],"curies":[{"name":"wp","href":"https:\/\/api.w.org\/{rel}","templated":true}]}}