{"id":12659,"date":"2008-10-09T00:34:56","date_gmt":"2008-10-08T22:34:56","guid":{"rendered":"http:\/\/www.schoene-nachrichten.de\/?p=12659"},"modified":"2008-10-11T10:37:09","modified_gmt":"2008-10-11T08:37:09","slug":"fliedens-daecher-der-oeffentlichen-gebaeude-stehen-fuer-energiegewinnung-zur-verfuegung","status":"publish","type":"post","link":"https:\/\/www.fuldaernachrichten.de\/?p=12659","title":{"rendered":"Fliedens D\u00e4cher der \u00f6ffentlichen Geb\u00e4ude stehen f\u00fcr Energiegewinnung zur Verf\u00fcgung"},"content":{"rendered":"<p><a rel=\"lightbox[roadtrip]\" href=\"http:\/\/www.schoene-nachrichten.de\/wp-content\/uploads\/2008\/10\/081008-solar-2.jpg\" target=\"_blank\"><img decoding=\"async\" class=\"alignnone size-thumbnail wp-image-12660\" title=\"081008-solar-2\" src=\"http:\/\/www.schoene-nachrichten.de\/wp-content\/uploads\/2008\/10\/081008-solar-2-128x85.jpg\" alt=\"\" hspace=\"5\" width=\"128\" height=\"85\" align=\"left\" \/><\/a><strong>Flieden. <\/strong>Die Initiative der SPD-Fraktion Flieden zur Bereitstellung der geeigneten gemeindlichen Dachfl\u00e4chen f\u00fcr Photovoltaikanlagen war erfolgreich. Am 09. September gr\u00fcndete sich die \u201eB\u00fcrgersolar Flieden Gbr.\u201c nach einer kontinuierlichen und zielgerichteten Vorarbeit von Stefan Schaub und Guido G\u00e4rtner, den Initiatoren der B\u00fcrgersolarbewegung im \u201eK\u00f6nigreich Flieden\u201c.<!--more--><br \/>\nChristof Schneider aus Hofbieber, selbst Initiator der dortigen B\u00fcrgersolargesellschaft und anerkannter Experte auf diesen Sektor kreisweit, leitete als \u201eGeburtshelfer\u201c der \u201eB\u00fcrgersolar Flieden Gbr.\u201c die Gr\u00fcndungsversammlung,  bis die Wahl der Gesch\u00e4ftsf\u00fchrer und der Gesellschaftsbeir\u00e4te erfolgt war.<\/p>\n<p><img decoding=\"async\" class=\"alignnone size-thumbnail wp-image-12661\" title=\"081008-solar-1\" src=\"http:\/\/www.schoene-nachrichten.de\/wp-content\/uploads\/2008\/10\/081008-solar-1-128x85.jpg\" alt=\"\" hspace=\"5\" width=\"128\" height=\"85\" align=\"left\" \/><\/p>\n<p>Die \u201eB\u00fcrgersolar Flieden Gbr.\u201c hat 9 Gesellschafter die mit Ihrem Engagement in regenerative Energiegewinnung ihren Beitrag zur CO2 Reduzierung leisten wollen. Es soll zun\u00e4chst eine Photovoltaikanlage im Ortsteil Schweben errichtet werden, mit einer Leistung von etwa 10 KW.  Es wurden im Vorfeld erfolgreiche Gespr\u00e4che mit den Gemeindeorganen gef\u00fchrt, welche zielgerichtet weitergef\u00fchrt werden sollen. Noch in diesem Jahr wird der erste Strom der Anlage ins allgemeine Stromnetz eingespeist werden.<br \/>\nBei Interesse bitte wenden an Stefan Schaub, Tel.: 06655-5596, E-mail: stefan5@t-online.de oder Guido G\u00e4rtner, Tel.: 0179-2256076, E-mail.: <a href=\"http:\/\/mce_host\/wp-admin\/guidogaertner@pmd-netzwerk.de\" target=\"_blank\">guidogaertner@pmd-netzwerk.de<\/a><\/p>\n<p><span style=\"text-decoration: underline;\"><strong>Foto: <\/strong><\/span><br \/>\nv.li.: Gabi Heil, Paul M\u00fcller, Elke S\u00e4mann, Stefan Schaub, Swen Sch\u00e4fer, Peter Trenkler, Guido G\u00e4rtner, Yvonne Jung<\/p>\n","protected":false},"excerpt":{"rendered":"<div class=\"tmnf_excerpt\"><p>Flieden. Die Initiative der SPD-Fraktion Flieden zur Bereitstellung der geeigneten gemeindlichen Dachfl\u00e4chen f\u00fcr Photovoltaikanlagen war erfolgreich. Am 09. September gr\u00fcndete sich die \u201eB\u00fcrgersolar Flieden Gbr.\u201c nach einer kontinuierlichen und zielgerichteten Vorarbeit von Stefan Schaub und Guido G\u00e4rtner, den Initiatoren der B\u00fcrgersolarbewegung im \u201eK\u00f6nigreich Flieden\u201c.<\/p>\n<\/div>","protected":false},"author":1,"featured_media":0,"comment_status":"closed","ping_status":"closed","sticky":false,"template":"","format":"standard","meta":{"footnotes":""},"categories":[1,29,52],"tags":[],"class_list":["post-12659","post","type-post","status-publish","format-standard","hentry","category-startseite","category-politik","category-umwelt"],"_links":{"self":[{"href":"https:\/\/www.fuldaernachrichten.de\/index.php?rest_route=\/wp\/v2\/posts\/12659","targetHints":{"allow":["GET"]}}],"collection":[{"href":"https:\/\/www.fuldaernachrichten.de\/index.php?rest_route=\/wp\/v2\/posts"}],"about":[{"href":"https:\/\/www.fuldaernachrichten.de\/index.php?rest_route=\/wp\/v2\/types\/post"}],"author":[{"embeddable":true,"href":"https:\/\/www.fuldaernachrichten.de\/index.php?rest_route=\/wp\/v2\/users\/1"}],"replies":[{"embeddable":true,"href":"https:\/\/www.fuldaernachrichten.de\/index.php?rest_route=%2Fwp%2Fv2%2Fcomments&post=12659"}],"version-history":[{"count":0,"href":"https:\/\/www.fuldaernachrichten.de\/index.php?rest_route=\/wp\/v2\/posts\/12659\/revisions"}],"wp:attachment":[{"href":"https:\/\/www.fuldaernachrichten.de\/index.php?rest_route=%2Fwp%2Fv2%2Fmedia&parent=12659"}],"wp:term":[{"taxonomy":"category","embeddable":true,"href":"https:\/\/www.fuldaernachrichten.de\/index.php?rest_route=%2Fwp%2Fv2%2Fcategories&post=12659"},{"taxonomy":"post_tag","embeddable":true,"href":"https:\/\/www.fuldaernachrichten.de\/index.php?rest_route=%2Fwp%2Fv2%2Ftags&post=12659"}],"curies":[{"name":"wp","href":"https:\/\/api.w.org\/{rel}","templated":true}]}}