{"id":126575,"date":"2014-07-04T00:53:10","date_gmt":"2014-07-04T00:53:10","guid":{"rendered":"http:\/\/www.fuldaer-nachrichten.de\/?p=126575"},"modified":"2014-07-04T06:54:00","modified_gmt":"2014-07-04T06:54:00","slug":"landrat-goerig-und-13-vogelsberger-buergermeister-zu-besuch-in-berlin","status":"publish","type":"post","link":"https:\/\/www.fuldaernachrichten.de\/?p=126575","title":{"rendered":"Landrat G\u00f6rig und 13 Vogelsberger B\u00fcrgermeister zu Besuch in Berlin"},"content":{"rendered":"<div id=\"attachment_126576\" style=\"width: 275px\" class=\"wp-caption alignleft\"><a href=\"http:\/\/www.fuldaer-nachrichten.de\/wp-content\/uploads\/2014\/07\/image001.jpg\"><img decoding=\"async\" aria-describedby=\"caption-attachment-126576\" class=\"size-thumbnail wp-image-126576\" src=\"http:\/\/www.fuldaer-nachrichten.de\/wp-content\/uploads\/2014\/07\/image001-265x156.jpg\" alt=\"Die Vogelsberger Delegation in Berlin: Landrat Manfred G\u00f6rig und die  B\u00fcrgermeister Ulrich K\u00fcnz (Kirtorf), Timo Georg (Schwalmtal), Edwin Schneider (Ulrichstein), Friedel Kopp (Freiensteinau), Heiko Stock (Lautertal), Hans-J\u00fcrgen Sch\u00e4fer (Schlitz), Professor B\u00e9la D\u00f6ren (Homberg\/Ohm), Matthias Weitzel (M\u00fccke), Rainer-Hans Vollm\u00f6ller (Lauterbach), Dietmar Krist (Antrifttal), Lothar Bott (Gem\u00fcnden\/Felda), Bernhard Ziegler (Herbstein), Lars Wicke (Grebenau).\" width=\"265\" height=\"156\" srcset=\"https:\/\/www.fuldaernachrichten.de\/wp-content\/uploads\/2014\/07\/image001-265x156.jpg 265w, https:\/\/www.fuldaernachrichten.de\/wp-content\/uploads\/2014\/07\/image001.jpg 401w\" sizes=\"(max-width: 265px) 100vw, 265px\" \/><\/a><p id=\"caption-attachment-126576\" class=\"wp-caption-text\">Die Vogelsberger Delegation in Berlin: Landrat Manfred G\u00f6rig und die B\u00fcrgermeister Ulrich K\u00fcnz (Kirtorf), Timo Georg (Schwalmtal), Edwin Schneider (Ulrichstein), Friedel Kopp (Freiensteinau), Heiko Stock (Lautertal), Hans-J\u00fcrgen Sch\u00e4fer (Schlitz), Professor B\u00e9la D\u00f6ren (Homberg\/Ohm), Matthias Weitzel (M\u00fccke), Rainer-Hans Vollm\u00f6ller (Lauterbach), Dietmar Krist (Antrifttal), Lothar Bott (Gem\u00fcnden\/Felda), Bernhard Ziegler (Herbstein), Lars Wicke (Grebenau).<\/p><\/div>\n<p>Vogelsbergkreis. Eine Delegation mit Landrat Manfred G\u00f6rig und 13 Vogelsberger B\u00fcrgermeistern war vor kurzem zu einem Informationsbesuch in Berlin. Schwerpunkte der umfangreichen Beratungen und Diskussionen waren die Themen Energiewende sowie die Unverzichtbarkeit einer modernen Internetversorgung auch im l\u00e4ndlichen Raum. Landrat G\u00f6rig bezeichnet die Reise in die Hauptstadt als \u201ethematisch herausragend\u201c. Zudem sei der \u201eregionale Schulterschluss von Landkreis und Kommunen einmal mehr bekr\u00e4ftigt worden\u201c. Die Delegation besuchte auch den Partnerkreis Oberhavel, der n\u00f6rdlich von Berlin gelegen ist.<!--more--><\/p>\n<p>Gemeinsam und nachdr\u00fccklich habe der Vogelsberg seine Interessenlage in vielen Gespr\u00e4chen darlegen k\u00f6nnen. Es sei n\u00f6tig und sinnvoll, in den entsprechenden Ministerien und auch gegen\u00fcber der hessischen Landesvertretung in Berlin auf die besonderen Herausforderungen des l\u00e4ndlichen Raumes hinzuweisen, so Manfred G\u00f6rig in einer Pressemitteilung.<\/p>\n<p>Im Gespr\u00e4ch mit Lucia Puttrich, Ministerin f\u00fcr Bundes- und Europaangelegenheiten und Bevollm\u00e4chtigte des Landes Hessen beim Bund, hoben Landrat G\u00f6rig und die B\u00fcrgermeister die Bedeutung einer modernen Breitbandversorgung f\u00fcr alle B\u00fcrgerinnen und B\u00fcrger und Unternehmen im l\u00e4ndlichen Raum hervor. Dar\u00fcber hinaus machten die B\u00fcrgermeister in einer lebendigen Diskussion ihren Wunsch deutlich, dass sie mehr Unterst\u00fctzung von der Landesregierung f\u00fcr Wahrung der kommunalen Interessen erwarten.<\/p>\n<p>Gemeinsam mit der hessischen Ministerin nahm die Vogelsberger Delegation auch am \u201eDeutschen Parlamentarischen Abend des Sports\u201c in der hessischen Landesvertretung teil.<\/p>\n<p>Thema Nummer eins im Bundesministerium f\u00fcr Verkehr und digitale Infrastruktur war ebenfalls das schnelle Internet. \u201eDer l\u00e4ndliche Raum darf hier nicht abgeh\u00e4ngt werden\u201c, machte der Vogelsberger Landrat im Gespr\u00e4ch mit Fachleuten es Ministeriums deutlich. Das w\u00fcrde am Ende dem gesamten Wirtschaftsstandort Deutschland schaden. Metropolen und l\u00e4ndliche R\u00e4ume m\u00fcssten zeigen, dass Entwicklung \u00fcberall m\u00f6glich sei und auch staatlich unterst\u00fctzt werde, so G\u00f6rig in der Pressemitteilung.<\/p>\n<p>Der Landrat und die B\u00fcrgermeister w\u00fcnschen sich deutlich klare Zusagen f\u00fcr F\u00f6rdermittel vom Bund f\u00fcr den Ausbau des schnellen Internets.<\/p>\n<p>Auch d\u00fcnn besiedelte R\u00e4ume br\u00e4uchten faire Wettbewerbschancen f\u00fcr die Unternehmen. Es komme immer wieder vor, dass Firmen bei Auftr\u00e4gen nicht zum Zuge kommen, nur weil das zu langsame Internet den erforderlichen Austausch von Daten nicht hinreichend zul\u00e4sst. Das m\u00fcsse im Interesse des Wirtschaftswachstums und der Sicherheit der Arbeitspl\u00e4tze beendet werden.<\/p>\n<p>Die Parlamentarische Staatssekret\u00e4rin Brigitte Zypries unterst\u00fctzte im Gespr\u00e4ch mit der Delegation im Bundesministerium f\u00fcr Wirtschaft und Energie die Haltung von Landrat G\u00f6rig, dass die Energiewende gerade im l\u00e4ndlichen Raum nicht nur Belastung, sondern einen Nutzen f\u00fcr die B\u00fcrgerschaft darstellen m\u00fcsse. In der aktuellen Diskussion um das Erneuerbare-Energien-Gesetz (EEG) stellten der Landrat und die B\u00fcrgermeister ihre Interessenlage heraus. Der Gestaltungsspielraum f\u00fcr die Kommunen m\u00fcsse deutlich erweitert werden, damit \u201evom Mehrwert auch wirklich mehr in der Region bleibt\u201c, so Manfred G\u00f6rig.<\/p>\n<p>In Oranienburg (Landkreis Oberhavel) sprachen die Vogelsberger B\u00fcrgermeister und der Landrat mit dem stellvertretenden Landrat Egmont Ramelow und Finanzdezernent Ludgar Westkamp sowie den B\u00fcrgermeistern der Gemeinde L\u00f6wenberger Land und der Stadt Liebenwalde, Bernd-Christian Schneck und J\u00f6rn Lehmann. Im Partnerkreis des Vogelsbergkreises und in der Region Havelland wird 2015 die Bundesgartenschau stattfinden.<\/p>\n<p>F\u00fcr den Landrat und die Vogelsberger B\u00fcrgermeister war es besonders wichtig, in Berlin die Interessen der Menschen im l\u00e4ndlichen Raum darzulegen und die n\u00f6tigen Ma\u00dfnahmen der Daseinsvorsorge anzumahnen. Bei allen Herausforderungen der demografischen Entwicklung k\u00f6nne der Vogelsbergkreis mit deutlich verbesserten wirtschaftspolitischen Zahlen aufwarten. Die Unternehmen im Landkreis seien \u201etop\u201c aufgestellt und die Chancen f\u00fcr gute Aus- und Weiterbildung in der Region hervorragend, betont der Landrat in der Pressemitteilung. Das werde sich immer mehr herumsprechen \u2013 auch mit angesto\u00dfen durch das neue Regionale Entwicklungskonzept, dass in K\u00fcrze auf den Weg gebracht werde.<\/p>\n","protected":false},"excerpt":{"rendered":"<div class=\"tmnf_excerpt\"><p>Vogelsbergkreis. Eine Delegation mit Landrat Manfred G\u00f6rig und 13 Vogelsberger B\u00fcrgermeistern war vor kurzem zu einem Informationsbesuch in Berlin. Schwerpunkte der umfangreichen Beratungen und Diskussionen waren die Themen Energiewende sowie die Unverzichtbarkeit einer modernen Internetversorgung auch im l\u00e4ndlichen Raum. Landrat G\u00f6rig bezeichnet die Reise in die Hauptstadt als \u201ethematisch herausragend\u201c. Zudem sei der \u201eregionale Schulterschluss &hellip;<\/p>\n<\/div>","protected":false},"author":1,"featured_media":0,"comment_status":"closed","ping_status":"closed","sticky":false,"template":"","format":"standard","meta":{"footnotes":""},"categories":[1,29],"tags":[],"class_list":["post-126575","post","type-post","status-publish","format-standard","hentry","category-startseite","category-politik"],"_links":{"self":[{"href":"https:\/\/www.fuldaernachrichten.de\/index.php?rest_route=\/wp\/v2\/posts\/126575","targetHints":{"allow":["GET"]}}],"collection":[{"href":"https:\/\/www.fuldaernachrichten.de\/index.php?rest_route=\/wp\/v2\/posts"}],"about":[{"href":"https:\/\/www.fuldaernachrichten.de\/index.php?rest_route=\/wp\/v2\/types\/post"}],"author":[{"embeddable":true,"href":"https:\/\/www.fuldaernachrichten.de\/index.php?rest_route=\/wp\/v2\/users\/1"}],"replies":[{"embeddable":true,"href":"https:\/\/www.fuldaernachrichten.de\/index.php?rest_route=%2Fwp%2Fv2%2Fcomments&post=126575"}],"version-history":[{"count":1,"href":"https:\/\/www.fuldaernachrichten.de\/index.php?rest_route=\/wp\/v2\/posts\/126575\/revisions"}],"predecessor-version":[{"id":126577,"href":"https:\/\/www.fuldaernachrichten.de\/index.php?rest_route=\/wp\/v2\/posts\/126575\/revisions\/126577"}],"wp:attachment":[{"href":"https:\/\/www.fuldaernachrichten.de\/index.php?rest_route=%2Fwp%2Fv2%2Fmedia&parent=126575"}],"wp:term":[{"taxonomy":"category","embeddable":true,"href":"https:\/\/www.fuldaernachrichten.de\/index.php?rest_route=%2Fwp%2Fv2%2Fcategories&post=126575"},{"taxonomy":"post_tag","embeddable":true,"href":"https:\/\/www.fuldaernachrichten.de\/index.php?rest_route=%2Fwp%2Fv2%2Ftags&post=126575"}],"curies":[{"name":"wp","href":"https:\/\/api.w.org\/{rel}","templated":true}]}}