{"id":126571,"date":"2014-07-04T00:47:27","date_gmt":"2014-07-04T00:47:27","guid":{"rendered":"http:\/\/www.fuldaer-nachrichten.de\/?p=126571"},"modified":"2014-07-04T06:50:31","modified_gmt":"2014-07-04T06:50:31","slug":"abschlusspruefungen-am-klinikum-fulda-neun-fachpflegerinnen-fachpfleger-in-der-intensivpflege-und-anaesthesie","status":"publish","type":"post","link":"https:\/\/www.fuldaernachrichten.de\/?p=126571","title":{"rendered":"Abschlusspr\u00fcfungen am Klinikum Fulda:  Neun Fachpflegerinnen \/  Fachpfleger in der Intensivpflege und An\u00e4sthesie"},"content":{"rendered":"<p><a href=\"http:\/\/www.fuldaer-nachrichten.de\/wp-content\/uploads\/2014\/07\/Hr.-Voit_Bestandene-Pr\u00fcfung-zum-Fachpfleger-An\u00e4sthesie.jpg\"><img decoding=\"async\" class=\"alignleft size-thumbnail wp-image-126573\" src=\"http:\/\/www.fuldaer-nachrichten.de\/wp-content\/uploads\/2014\/07\/Hr.-Voit_Bestandene-Pr\u00fcfung-zum-Fachpfleger-An\u00e4sthesie-265x175.jpg\" alt=\"Hr. Voit_Bestandene Pr\u00fcfung zum Fachpfleger An\u00e4sthesie\" width=\"265\" height=\"175\" \/><\/a>Fulda. Mit zum Teil sehr guten Pr\u00fcfungsergebnissen endete erfolgreich am 11.06.2014 die Weiterbildung f\u00fcr zehn Absolventen: Insgesamt neun Gesundheits- und Krankenpfleger\/-innen sowie eine Gesundheits- und Kinderkrankenpflegerin haben erfolgreich die Weiterbildung zur Fachpflegerin \/ zum Fachpfleger in der Intensivpflege und An\u00e4sthesie absolviert.<!--more--><\/p>\n<p>Gerade der Bereich Intensiv- und Notfallmedizin hat sich in den letzten Jahren sehr dynamisch entwickelt. Bedingt durch eine ver\u00e4nderte Demographie der Bev\u00f6lkerung sowie dem medizinischen Fortschritt werden zuk\u00fcnftig neue Anforderungen an die Intensivmedizin gestellt. Der Anteil der Intensivbehandlung an der gesamten station\u00e4ren Versorgung ist stetig gewachsen und im Hinblick auf die \u00f6konomische Bedeutung f\u00fcr Krankenh\u00e4user, ist dieser Bereich zentral f\u00fcr jede Krankenhausplanung.<\/p>\n<p>Aus-, Fort- und Weiterbildung sind eine wesentliche Aufgabe aller in der An\u00e4sthesie und Intensivmedizin und \u2013pflege T\u00e4tiger. Auch im Sinne der Patientensicherheit ist es notwendig, in diesem T\u00e4tigkeitsfeld \u00fcber gut ausgebildete Fachpflegekr\u00e4fte zu verf\u00fcgen, welche ihr Arbeitsgebiet verstehen, die eingesetzten Ger\u00e4te beherrschen und die uns anvertrauten Patienten sicher versorgen.<\/p>\n<p>Pflegende \u00fcbernehmen immer anspruchsvollere T\u00e4tigkeiten. Qualit\u00e4tsanforderungen und Verantwortung steigen und damit wird der Beruf immer interessanter.<\/p>\n<p>Um die Mitarbeiter\/-innen der Intensivstationen des Klinikums Fulda f\u00fcr diese Herausforderungen zu qualifizieren, haben 9 Gesundheits- und Krankenpfleger\/-innen sowie eine Gesundheits- und Kinderkrankenpflegerin, unter der Leitung von Wilfried Voit, an der Weiterbildung zur Fachpflegerin \/ zum Fachpfleger in der Intensivpflege und An\u00e4sthesie teilgenommen.<\/p>\n<p><strong>An der zweij\u00e4hrigen berufsbegleitenden Weiterbildungsma\u00dfnahme haben teilgenommen: Y<\/strong>vonne Hartmann; Jessica Heinze, Simone Lochner, Rebecca M\u00fcller, Tim Muth, Andrea Nierichlo, Nadja Schmitt, Christina Strobl, Irene Wisner<\/p>\n","protected":false},"excerpt":{"rendered":"<div class=\"tmnf_excerpt\"><p>Fulda. Mit zum Teil sehr guten Pr\u00fcfungsergebnissen endete erfolgreich am 11.06.2014 die Weiterbildung f\u00fcr zehn Absolventen: Insgesamt neun Gesundheits- und Krankenpfleger\/-innen sowie eine Gesundheits- und Kinderkrankenpflegerin haben erfolgreich die Weiterbildung zur Fachpflegerin \/ zum Fachpfleger in der Intensivpflege und An\u00e4sthesie absolviert.<\/p>\n<\/div>","protected":false},"author":1,"featured_media":0,"comment_status":"closed","ping_status":"closed","sticky":false,"template":"","format":"standard","meta":{"footnotes":""},"categories":[1,51],"tags":[],"class_list":["post-126571","post","type-post","status-publish","format-standard","hentry","category-startseite","category-medizin"],"_links":{"self":[{"href":"https:\/\/www.fuldaernachrichten.de\/index.php?rest_route=\/wp\/v2\/posts\/126571","targetHints":{"allow":["GET"]}}],"collection":[{"href":"https:\/\/www.fuldaernachrichten.de\/index.php?rest_route=\/wp\/v2\/posts"}],"about":[{"href":"https:\/\/www.fuldaernachrichten.de\/index.php?rest_route=\/wp\/v2\/types\/post"}],"author":[{"embeddable":true,"href":"https:\/\/www.fuldaernachrichten.de\/index.php?rest_route=\/wp\/v2\/users\/1"}],"replies":[{"embeddable":true,"href":"https:\/\/www.fuldaernachrichten.de\/index.php?rest_route=%2Fwp%2Fv2%2Fcomments&post=126571"}],"version-history":[{"count":1,"href":"https:\/\/www.fuldaernachrichten.de\/index.php?rest_route=\/wp\/v2\/posts\/126571\/revisions"}],"predecessor-version":[{"id":126574,"href":"https:\/\/www.fuldaernachrichten.de\/index.php?rest_route=\/wp\/v2\/posts\/126571\/revisions\/126574"}],"wp:attachment":[{"href":"https:\/\/www.fuldaernachrichten.de\/index.php?rest_route=%2Fwp%2Fv2%2Fmedia&parent=126571"}],"wp:term":[{"taxonomy":"category","embeddable":true,"href":"https:\/\/www.fuldaernachrichten.de\/index.php?rest_route=%2Fwp%2Fv2%2Fcategories&post=126571"},{"taxonomy":"post_tag","embeddable":true,"href":"https:\/\/www.fuldaernachrichten.de\/index.php?rest_route=%2Fwp%2Fv2%2Ftags&post=126571"}],"curies":[{"name":"wp","href":"https:\/\/api.w.org\/{rel}","templated":true}]}}