{"id":126567,"date":"2014-07-04T06:46:24","date_gmt":"2014-07-04T06:46:24","guid":{"rendered":"http:\/\/www.fuldaer-nachrichten.de\/?p=126567"},"modified":"2014-07-04T06:46:24","modified_gmt":"2014-07-04T06:46:24","slug":"gewaltig-ein-jahr-zum-thema-gewalt-abschlusspraesentation-am-18-juli","status":"publish","type":"post","link":"https:\/\/www.fuldaernachrichten.de\/?p=126567","title":{"rendered":"Gewaltig \u2013 ein Jahr zum Thema Gewalt &#8211; Abschlusspr\u00e4sentation am 18. Juli"},"content":{"rendered":"<p>Fulda (hm). Am 18. Juli 2014 pr\u00e4sentieren die Sch\u00fclerinnen und Sch\u00fcler der sechsten Klassen der Geschwister-Scholl-Schule Fulda die Ergebnisse des Gewaltpr\u00e4ventionsprojektes Gewaltig. <!--more--><\/p>\n<p>Die Jugendlichen nahmen sich im vergangenen Jahr vielerlei Themen im Rahmen dieses Projektes an, die sie, wie auch die Kooperationspartner als besonders aktuell und wichtig ansahen. Gerade die Wahl des Gespr\u00e4chsstoffs kennzeichnete einen wundervollen Mix und eine Auswahl, womit Jugendliche heute konfrontiert werden und mit was sie sich besch\u00e4ftigen.<\/p>\n<p>\u201eNur durch die Unterst\u00fctzung durch viele Kooperationspartner konnte die st\u00e4dtische Jugendf\u00f6rderung dieses Jugend- und Schulprojekt realisieren, herf\u00fcr meinen herzlichen Dank\u201c, so Oberb\u00fcrgermeister Gerhard M\u00f6ller.<\/p>\n<p>Federf\u00fchrend in diesem Projekt war die Jugendf\u00f6rderung an der Geschwister-Scholl-Schule Fulda. Sozialp\u00e4dagoge Ullich Steybe rief das Projekt im Fr\u00fchjahr 2013 zusammen mit den Lehrenden und den Kooperationspartnern ins Leben. Auch wurde in diesem Jahr die Teilnahme der Schule an PIT festgeschrieben. PIT, ein Gewaltpr\u00e4ventionsprojekt, das von der engen Zusammenarbeit von Schule, Polizei und Jugendhilfe lebt, widmet sich insbesondere der \u00f6ffentlichen Gewalt und wird mit Sch\u00fclerinnen und Sch\u00fclern der siebten Klasse durchgef\u00fchrt.<\/p>\n<p>Am Freitag, 18. Juli 2014, 10.00 Uhr m\u00f6chten die Jugendlichen \u00fcber das Projekt sowie die Ergebnisse in der Geschwister-Scholl-Schule informieren. Steybe sowie die am Projekt beteiligten Sch\u00fclerinnen und Sch\u00fcler w\u00fcrden sich freuen, wenn eine m\u00f6glichst breite \u00d6ffentlichkeit Interesse an den Ergebnissen zeigen w\u00fcrde.<\/p>\n","protected":false},"excerpt":{"rendered":"<div class=\"tmnf_excerpt\"><p>Fulda (hm). Am 18. Juli 2014 pr\u00e4sentieren die Sch\u00fclerinnen und Sch\u00fcler der sechsten Klassen der Geschwister-Scholl-Schule Fulda die Ergebnisse des Gewaltpr\u00e4ventionsprojektes Gewaltig.<\/p>\n<\/div>","protected":false},"author":1,"featured_media":0,"comment_status":"closed","ping_status":"closed","sticky":false,"template":"","format":"standard","meta":{"footnotes":""},"categories":[1,53],"tags":[],"class_list":["post-126567","post","type-post","status-publish","format-standard","hentry","category-startseite","category-bildung"],"_links":{"self":[{"href":"https:\/\/www.fuldaernachrichten.de\/index.php?rest_route=\/wp\/v2\/posts\/126567","targetHints":{"allow":["GET"]}}],"collection":[{"href":"https:\/\/www.fuldaernachrichten.de\/index.php?rest_route=\/wp\/v2\/posts"}],"about":[{"href":"https:\/\/www.fuldaernachrichten.de\/index.php?rest_route=\/wp\/v2\/types\/post"}],"author":[{"embeddable":true,"href":"https:\/\/www.fuldaernachrichten.de\/index.php?rest_route=\/wp\/v2\/users\/1"}],"replies":[{"embeddable":true,"href":"https:\/\/www.fuldaernachrichten.de\/index.php?rest_route=%2Fwp%2Fv2%2Fcomments&post=126567"}],"version-history":[{"count":1,"href":"https:\/\/www.fuldaernachrichten.de\/index.php?rest_route=\/wp\/v2\/posts\/126567\/revisions"}],"predecessor-version":[{"id":126568,"href":"https:\/\/www.fuldaernachrichten.de\/index.php?rest_route=\/wp\/v2\/posts\/126567\/revisions\/126568"}],"wp:attachment":[{"href":"https:\/\/www.fuldaernachrichten.de\/index.php?rest_route=%2Fwp%2Fv2%2Fmedia&parent=126567"}],"wp:term":[{"taxonomy":"category","embeddable":true,"href":"https:\/\/www.fuldaernachrichten.de\/index.php?rest_route=%2Fwp%2Fv2%2Fcategories&post=126567"},{"taxonomy":"post_tag","embeddable":true,"href":"https:\/\/www.fuldaernachrichten.de\/index.php?rest_route=%2Fwp%2Fv2%2Ftags&post=126567"}],"curies":[{"name":"wp","href":"https:\/\/api.w.org\/{rel}","templated":true}]}}