{"id":126563,"date":"2014-07-04T06:45:09","date_gmt":"2014-07-04T06:45:09","guid":{"rendered":"http:\/\/www.fuldaer-nachrichten.de\/?p=126563"},"modified":"2014-07-04T06:45:09","modified_gmt":"2014-07-04T06:45:09","slug":"blech-barock-30-jahre-oldtimerfreunde-fulda-fd-markenbotschafter-mit-viel-er-fahrung","status":"publish","type":"post","link":"https:\/\/www.fuldaernachrichten.de\/?p=126563","title":{"rendered":"Blech &#038; Barock \u2013 30 Jahre Oldtimerfreunde Fulda \u201eFD-Markenbotschafter mit viel Er-Fahrung\u201c"},"content":{"rendered":"<div id=\"attachment_126565\" style=\"width: 275px\" class=\"wp-caption alignleft\"><a href=\"http:\/\/www.fuldaer-nachrichten.de\/wp-content\/uploads\/2014\/07\/Blech-Barock-K\u00f6pfe.jpg\"><img decoding=\"async\" aria-describedby=\"caption-attachment-126565\" class=\"size-thumbnail wp-image-126565\" src=\"http:\/\/www.fuldaer-nachrichten.de\/wp-content\/uploads\/2014\/07\/Blech-Barock-K\u00f6pfe-265x162.jpg\" alt=\"Blech &amp; Barock \u2013 Oldtimer vor dem Fuldaer Dom. Christoph Burkard, zweiter von rechts, und Sonja Neidhardt, dritte von links, \u00fcbergaben die Rucks\u00e4cke und Flyer an die neuen Markenbotschafter (von links) Stephan Edeling, Rainer Br\u00e4hler, Rainer Schmitt und Rainer Michel. Im Hintergrund sind die historischen Markenbotschafter zu sehen: (von links): Renault Dauphine Baujahr 1958, Glas 3000 V8 Baujahr 1967, DKW F8 Luxus Cabriolet, Baujahr 1940 .\" width=\"265\" height=\"162\" \/><\/a><p id=\"caption-attachment-126565\" class=\"wp-caption-text\">Blech &amp; Barock \u2013 Oldtimer vor dem Fuldaer Dom. Christoph Burkard, zweiter von rechts, und Sonja Neidhardt, dritte von links, \u00fcbergaben die Rucks\u00e4cke und Flyer an die neuen Markenbotschafter (von links) Stephan Edeling, Rainer Br\u00e4hler, Rainer Schmitt und Rainer Michel. Im Hintergrund sind die historischen Markenbotschafter zu sehen: (von links): Renault Dauphine Baujahr 1958, Glas 3000 V8 Baujahr 1967, DKW F8 Luxus Cabriolet, Baujahr 1940 .<\/p><\/div>\n<p>Fulda. Mit einem z\u00fcnftigen Oldtimertreffen, zu dem mehr als 200 Schnauferlfahrer aus ganz Hessen erwartet werden, feiert der Stammtisch der Oldtimerfreunde Fulda sein 30j\u00e4hriges Bestehen. Am Sonntag, den 20. Juli 2014, werden die Schnaufferl ab 10.00 Uhr im Schloss Fasanerie einfahren und dort unter dem Motto \u201eBlech &amp; Barock\u201c zum Bestaunen aber auch f\u00fcr Rundfahrten zur Verf\u00fcgung stehen.<!--more--><\/p>\n<p>Einen kleinen Vorgeschmack auf das Oldtimertreffen konnte heute auf dem Fuldaer Domplatz bewundert werden. Vor Fuldas sch\u00f6nster Barockkulisse waren die Oldtimerfreunde mit drei Fahrzeugen zum Fototermin vorgefahren. Grund: die Besiegelung der Partnerschaft mit dem Regionalen Standortmarketing. Die Oldtimerfreunde werden im Rahmen ihres Jubil\u00e4ums zu Botschaftern der Markenkampagne FD. Regionalmanager Christoph Burkard und Sonja Neidhardt von der Werbeagentur Creart \u00fcbergaben vor der historischen Kulisse die Markenausstattung.<\/p>\n<p>Eigens f\u00fcr das Jubil\u00e4um hat das Regionale Standortmarketing eine Sonderedition des Fuldaer Rucksacks aufgelegt. Jeder Teilnehmer am Schnaufferltreffen erh\u00e4lt einen dieser gut gef\u00fcllten Rucks\u00e4cke, darin Spezialit\u00e4ten aus der und jede Menge Information \u00fcber die Region Fulda. Dar\u00fcber hinaus wurde f\u00fcr die Oldtimerfreunde ein Flyer zum Fulda-Mobil aufgelegt, dem Kleinwagen, der in den 50er und 60er Jahren in Fulda gefertigt wurde.<\/p>\n","protected":false},"excerpt":{"rendered":"<div class=\"tmnf_excerpt\"><p>Fulda. Mit einem z\u00fcnftigen Oldtimertreffen, zu dem mehr als 200 Schnauferlfahrer aus ganz Hessen erwartet werden, feiert der Stammtisch der Oldtimerfreunde Fulda sein 30j\u00e4hriges Bestehen. Am Sonntag, den 20. Juli 2014, werden die Schnaufferl ab 10.00 Uhr im Schloss Fasanerie einfahren und dort unter dem Motto \u201eBlech &amp; Barock\u201c zum Bestaunen aber auch f\u00fcr Rundfahrten &hellip;<\/p>\n<\/div>","protected":false},"author":1,"featured_media":0,"comment_status":"closed","ping_status":"closed","sticky":false,"template":"","format":"standard","meta":{"footnotes":""},"categories":[1,29],"tags":[],"class_list":["post-126563","post","type-post","status-publish","format-standard","hentry","category-startseite","category-politik"],"_links":{"self":[{"href":"https:\/\/www.fuldaernachrichten.de\/index.php?rest_route=\/wp\/v2\/posts\/126563","targetHints":{"allow":["GET"]}}],"collection":[{"href":"https:\/\/www.fuldaernachrichten.de\/index.php?rest_route=\/wp\/v2\/posts"}],"about":[{"href":"https:\/\/www.fuldaernachrichten.de\/index.php?rest_route=\/wp\/v2\/types\/post"}],"author":[{"embeddable":true,"href":"https:\/\/www.fuldaernachrichten.de\/index.php?rest_route=\/wp\/v2\/users\/1"}],"replies":[{"embeddable":true,"href":"https:\/\/www.fuldaernachrichten.de\/index.php?rest_route=%2Fwp%2Fv2%2Fcomments&post=126563"}],"version-history":[{"count":1,"href":"https:\/\/www.fuldaernachrichten.de\/index.php?rest_route=\/wp\/v2\/posts\/126563\/revisions"}],"predecessor-version":[{"id":126566,"href":"https:\/\/www.fuldaernachrichten.de\/index.php?rest_route=\/wp\/v2\/posts\/126563\/revisions\/126566"}],"wp:attachment":[{"href":"https:\/\/www.fuldaernachrichten.de\/index.php?rest_route=%2Fwp%2Fv2%2Fmedia&parent=126563"}],"wp:term":[{"taxonomy":"category","embeddable":true,"href":"https:\/\/www.fuldaernachrichten.de\/index.php?rest_route=%2Fwp%2Fv2%2Fcategories&post=126563"},{"taxonomy":"post_tag","embeddable":true,"href":"https:\/\/www.fuldaernachrichten.de\/index.php?rest_route=%2Fwp%2Fv2%2Ftags&post=126563"}],"curies":[{"name":"wp","href":"https:\/\/api.w.org\/{rel}","templated":true}]}}