{"id":126554,"date":"2014-07-04T06:37:18","date_gmt":"2014-07-04T06:37:18","guid":{"rendered":"http:\/\/www.fuldaer-nachrichten.de\/?p=126554"},"modified":"2014-07-04T06:37:18","modified_gmt":"2014-07-04T06:37:18","slug":"barfussweg-erste-hilfe-yoga-und-tipps-zur-ernaehrung-informatives-angebot-beim-jumo-gesundheitstag-2014","status":"publish","type":"post","link":"https:\/\/www.fuldaernachrichten.de\/?p=126554","title":{"rendered":"Barfu\u00dfweg, Erste-Hilfe-Yoga und Tipps zur Ern\u00e4hrung &#8211; Informatives Angebot beim JUMO-Gesundheitstag 2014"},"content":{"rendered":"<div id=\"attachment_126555\" style=\"width: 275px\" class=\"wp-caption alignleft\"><a href=\"http:\/\/www.fuldaer-nachrichten.de\/wp-content\/uploads\/2014\/07\/JUMO_Gesundheitstag.jpg\"><img decoding=\"async\" aria-describedby=\"caption-attachment-126555\" class=\"size-thumbnail wp-image-126555\" src=\"http:\/\/www.fuldaer-nachrichten.de\/wp-content\/uploads\/2014\/07\/JUMO_Gesundheitstag-265x183.jpg\" alt=\"Der von den Auszubildenden geplante und gebaute Barfu\u00dfweg erwies sich als Publikumsmagnet beim JUMO-Gesundheitstag.\" width=\"265\" height=\"183\" srcset=\"https:\/\/www.fuldaernachrichten.de\/wp-content\/uploads\/2014\/07\/JUMO_Gesundheitstag-265x183.jpg 265w, https:\/\/www.fuldaernachrichten.de\/wp-content\/uploads\/2014\/07\/JUMO_Gesundheitstag.jpg 600w\" sizes=\"(max-width: 265px) 100vw, 265px\" \/><\/a><p id=\"caption-attachment-126555\" class=\"wp-caption-text\">Der von den Auszubildenden geplante und gebaute Barfu\u00dfweg erwies sich als Publikumsmagnet beim JUMO-Gesundheitstag.<\/p><\/div>\n<p>Fulda. Unter dem Motto \u201eFit &amp; relaxed in den Sommer\u201c stand der erste Gesundheitstag 2014 der JUMO GmbH &amp; Co. KG. \u00dcber 400 Mitarbeiterinnen und Mitarbeiter nutzten die Gelegenheit zur Information und zur aktiven Teilnahme an verschiedenen Kursen.<\/p>\n<p>Nach dem gro\u00dfen Erfolg der ersten Gesundheitstage im Jahr 2013 erf\u00e4hrt die Veranstaltung in diesem Jahr in zwei JUMO-Werken eine Neuauflage. Den Start machte das Werk 1 in der Moritz-Juchheim-Stra\u00dfe. Ziel der Gesundheitstage ist es, den Mitarbeiterinnen und Mitarbeitern Tipps und Anregungen zu einer gesunden Lebensf\u00fchrung zu geben.<!--more--><\/p>\n<p>\u201eJeder Mensch ist zun\u00e4chst einmal selbst f\u00fcr seine Gesundheit verantwortlich. Vor dem Hintergrund des demografischen Wandels und der \u00e4lter werdenden Belegschaften ist es f\u00fcr Arbeitgeber aber wichtig, Unterst\u00fctzung und Hilfe bei Gesundheitsthemen zu leisten\u201c, betont Patricia Naujoks, Leiterin des Betrieblichen Gesundheitsmanagements bei JUMO.<\/p>\n<p>Der Gesundheitstag 2014 stand ganz im Zeichen der Themen \u201egesunde Ern\u00e4hrung\u201c und \u201eStressbew\u00e4ltigung.\u201c So wurden unter anderem Schnupperkurse zur progressiven Muskelentspannung nach Jacobsen (PMR) oder im \u201eErste-Hilfe-Yoga\u201c angeboten. Hierbei wurden einfache \u00dcbungen vermittelt, die auch am Arbeitsplatz f\u00fcr schnelle Entspannung sorgen. Eine Ern\u00e4hrungsberaterin gabt n\u00fctzliche Tipps, mit welchen Lebensmitteln sich die Stressresistenz erh\u00f6hen und das Immunsystem st\u00e4rken l\u00e4sst.<\/p>\n<p>Auf besonderes Interesse stie\u00df bei den JUMO-Mitarbeiterinnen und -Mitarbeitern der so genannte Marktplatz Gesundheit. Hier konnten sie sich unter anderem einem Cardio-Stresstest und einer Muskeltonusmessung unterziehen oder bei leckeren Smoothies und einer Kurzmassage entspannen. Als Publikumsmagnet kristallisierte sich die Aktion \u201eAuf freiem Fu\u00df\u201c heraus. F\u00fcr diese hatten JUMO-Azubis einen Barfu\u00dfweg gebaut, auf dem verschiedene Materialien wie Holz oder Kies mit blo\u00dfen Fu\u00dfsohlen erf\u00fchlt werden konnten.<\/p>\n<p>Neben den Gesundheitstagen bietet JUMO ganzj\u00e4hrig verschieden Kurse wie Nordic Walking, Lauftreffs oder R\u00fcckenschulen an. Die Kurse begleiten den Prozess des Betrieblichen Gesundheitsmanagements, mit dem das Thema mittelfristig zum festen Bestandteil des betrieblichen Alltags werden soll.<\/p>\n","protected":false},"excerpt":{"rendered":"<div class=\"tmnf_excerpt\"><p>Fulda. Unter dem Motto \u201eFit &amp; relaxed in den Sommer\u201c stand der erste Gesundheitstag 2014 der JUMO GmbH &amp; Co. KG. \u00dcber 400 Mitarbeiterinnen und Mitarbeiter nutzten die Gelegenheit zur Information und zur aktiven Teilnahme an verschiedenen Kursen. Nach dem gro\u00dfen Erfolg der ersten Gesundheitstage im Jahr 2013 erf\u00e4hrt die Veranstaltung in diesem Jahr in &hellip;<\/p>\n<\/div>","protected":false},"author":1,"featured_media":0,"comment_status":"closed","ping_status":"closed","sticky":false,"template":"","format":"standard","meta":{"footnotes":""},"categories":[1,51],"tags":[],"class_list":["post-126554","post","type-post","status-publish","format-standard","hentry","category-startseite","category-medizin"],"_links":{"self":[{"href":"https:\/\/www.fuldaernachrichten.de\/index.php?rest_route=\/wp\/v2\/posts\/126554","targetHints":{"allow":["GET"]}}],"collection":[{"href":"https:\/\/www.fuldaernachrichten.de\/index.php?rest_route=\/wp\/v2\/posts"}],"about":[{"href":"https:\/\/www.fuldaernachrichten.de\/index.php?rest_route=\/wp\/v2\/types\/post"}],"author":[{"embeddable":true,"href":"https:\/\/www.fuldaernachrichten.de\/index.php?rest_route=\/wp\/v2\/users\/1"}],"replies":[{"embeddable":true,"href":"https:\/\/www.fuldaernachrichten.de\/index.php?rest_route=%2Fwp%2Fv2%2Fcomments&post=126554"}],"version-history":[{"count":1,"href":"https:\/\/www.fuldaernachrichten.de\/index.php?rest_route=\/wp\/v2\/posts\/126554\/revisions"}],"predecessor-version":[{"id":126556,"href":"https:\/\/www.fuldaernachrichten.de\/index.php?rest_route=\/wp\/v2\/posts\/126554\/revisions\/126556"}],"wp:attachment":[{"href":"https:\/\/www.fuldaernachrichten.de\/index.php?rest_route=%2Fwp%2Fv2%2Fmedia&parent=126554"}],"wp:term":[{"taxonomy":"category","embeddable":true,"href":"https:\/\/www.fuldaernachrichten.de\/index.php?rest_route=%2Fwp%2Fv2%2Fcategories&post=126554"},{"taxonomy":"post_tag","embeddable":true,"href":"https:\/\/www.fuldaernachrichten.de\/index.php?rest_route=%2Fwp%2Fv2%2Ftags&post=126554"}],"curies":[{"name":"wp","href":"https:\/\/api.w.org\/{rel}","templated":true}]}}