{"id":12655,"date":"2008-10-09T00:12:06","date_gmt":"2008-10-08T22:12:06","guid":{"rendered":"http:\/\/www.schoene-nachrichten.de\/?p=12655"},"modified":"2008-10-08T22:49:24","modified_gmt":"2008-10-08T20:49:24","slug":"biosphaerenreservate-praesentieren-sich-auf-bundesgartenschau","status":"publish","type":"post","link":"https:\/\/www.fuldaernachrichten.de\/?p=12655","title":{"rendered":"Biosph\u00e4renreservate pr\u00e4sentieren sich auf Bundesgartenschau"},"content":{"rendered":"<p><a rel=\"lightbox[roadtrip]\" href=\"http:\/\/www.schoene-nachrichten.de\/wp-content\/uploads\/2008\/10\/081008-buga.jpg\" target=\"_blank\"><img decoding=\"async\" class=\"alignnone size-thumbnail wp-image-12656\" title=\"081008-buga\" src=\"http:\/\/www.schoene-nachrichten.de\/wp-content\/uploads\/2008\/10\/081008-buga-128x85.jpg\" alt=\"\" hspace=\"5\" width=\"128\" height=\"85\" align=\"left\" \/><\/a><strong>Schwerin\/Rh\u00f6n.<\/strong> Die Bundesgartenschau 2009 in Schwerin wird um eine Attraktion rei-cher. Mit einer bisher einmaligen Ausstellung pr\u00e4sentieren sich alle deutschen UNESCO-Biosph\u00e4renreservate. Auf rund 600 Quadratmeter Ausstellungsfl\u00e4che sind die 13 Regionen aus ganz Deutschland vertreten, die mit dem internationalen Pr\u00e4dikat der UNESCO f\u00fcr eine modellhafte Entwicklung im l\u00e4ndlichen Raum stehen. Die Besucher der Bundesgartenschau k\u00f6nnen durch eine Vielfalt von Exponaten, Medien und pers\u00f6nlicher Betreuung faszinierende Geschichten und Projekte aus diesen nationalen Naturlandschaften von Weltrang erfahren.<!--more-->Die 13 deutschen Biosph\u00e4renreservatsregionen werden von insgesamt 20 Verwaltungen der verschiedenen Bundesl\u00e4nder betreut. \u201eEs ist es uns wichtig, dass sich alle UNESCO-Biosph\u00e4renreservate in einem gemeinsamen Auftritt pr\u00e4sentieren\u201c, so Klaus Jarmatz, Leiter der Kommunikations-Arbeitsgruppe der deutschen UNESCO-Biosph\u00e4renreservate. \u201eNur durch die finanzielle Unterst\u00fctzung des Bundesumweltministeriums und das Engagement der einzelnen UNESCO-Biosph\u00e4renreservate ist es m\u00f6glich, diese gemeinsame Ausstellung umzusetzen\u201c, meint Jarmatz weiter und verweist darauf, dass das Jahr 2009 offiziell als Jahr der Biosph\u00e4renreservate ausgerufen wurde.<\/p>\n<p>Zu den Themen Klimaschutz, Artenvielfalt und regionale Wirtschaftskreisl\u00e4ufe pr\u00e4sentieren die Biosph\u00e4renreservate Beispiele, die in Zukunft vielleicht f\u00fcr ganz Deutschland wegweisend sein werden. Ebenso k\u00f6nnen die Besucher durch das Angebot von kulinarischen und handwerklichen Produkten sowie kulturelle Events diese sch\u00f6nen Regionen erleben.<\/p>\n<p>Wie der Leiter der hessischen Verwaltungsstelle des Biosph\u00e4renreservats Rh\u00f6n, Otto Evers, mitteilt, wird das Biosph\u00e4renreservat Rh\u00f6n den Stand vom 10. bis 23. August 2009 mit mindestens zwei Naturschutzwacht-Mitarbeitern besetzen und speziell die Rh\u00f6ner Besonderhei-ten in den Blickpunkt r\u00fccken. Touristiker, Gastronomen, Hotelliers und sonstige Akteure der Rh\u00f6n sind aufgerufen, positiv auf die Region aufmerksam zu machen. Interessenten setzen sich mit der Verwaltungsstelle unter Tel. 6654\/9612-0 oder per eMail: <a href=\"http:\/\/mce_host\/wp-admin\/vwst@brrhoen\" target=\"_blank\">vwst@brrhoen<\/a> in Verbindung.<\/p>\n","protected":false},"excerpt":{"rendered":"<div class=\"tmnf_excerpt\"><p>Schwerin\/Rh\u00f6n. Die Bundesgartenschau 2009 in Schwerin wird um eine Attraktion rei-cher. Mit einer bisher einmaligen Ausstellung pr\u00e4sentieren sich alle deutschen UNESCO-Biosph\u00e4renreservate. Auf rund 600 Quadratmeter Ausstellungsfl\u00e4che sind die 13 Regionen aus ganz Deutschland vertreten, die mit dem internationalen Pr\u00e4dikat der UNESCO f\u00fcr eine modellhafte Entwicklung im l\u00e4ndlichen Raum stehen. Die Besucher der Bundesgartenschau k\u00f6nnen durch &hellip;<\/p>\n<\/div>","protected":false},"author":1,"featured_media":0,"comment_status":"closed","ping_status":"closed","sticky":false,"template":"","format":"standard","meta":{"footnotes":""},"categories":[1,52],"tags":[],"class_list":["post-12655","post","type-post","status-publish","format-standard","hentry","category-startseite","category-umwelt"],"_links":{"self":[{"href":"https:\/\/www.fuldaernachrichten.de\/index.php?rest_route=\/wp\/v2\/posts\/12655","targetHints":{"allow":["GET"]}}],"collection":[{"href":"https:\/\/www.fuldaernachrichten.de\/index.php?rest_route=\/wp\/v2\/posts"}],"about":[{"href":"https:\/\/www.fuldaernachrichten.de\/index.php?rest_route=\/wp\/v2\/types\/post"}],"author":[{"embeddable":true,"href":"https:\/\/www.fuldaernachrichten.de\/index.php?rest_route=\/wp\/v2\/users\/1"}],"replies":[{"embeddable":true,"href":"https:\/\/www.fuldaernachrichten.de\/index.php?rest_route=%2Fwp%2Fv2%2Fcomments&post=12655"}],"version-history":[{"count":0,"href":"https:\/\/www.fuldaernachrichten.de\/index.php?rest_route=\/wp\/v2\/posts\/12655\/revisions"}],"wp:attachment":[{"href":"https:\/\/www.fuldaernachrichten.de\/index.php?rest_route=%2Fwp%2Fv2%2Fmedia&parent=12655"}],"wp:term":[{"taxonomy":"category","embeddable":true,"href":"https:\/\/www.fuldaernachrichten.de\/index.php?rest_route=%2Fwp%2Fv2%2Fcategories&post=12655"},{"taxonomy":"post_tag","embeddable":true,"href":"https:\/\/www.fuldaernachrichten.de\/index.php?rest_route=%2Fwp%2Fv2%2Ftags&post=12655"}],"curies":[{"name":"wp","href":"https:\/\/api.w.org\/{rel}","templated":true}]}}