{"id":126546,"date":"2014-07-04T06:32:15","date_gmt":"2014-07-04T06:32:15","guid":{"rendered":"http:\/\/www.fuldaer-nachrichten.de\/?p=126546"},"modified":"2014-07-04T06:32:15","modified_gmt":"2014-07-04T06:32:15","slug":"cda-kreisverband-fulda-begruesst-mindestlohn","status":"publish","type":"post","link":"https:\/\/www.fuldaernachrichten.de\/?p=126546","title":{"rendered":"CDA-Kreisverband Fulda begr\u00fc\u00dft Mindestlohn"},"content":{"rendered":"<p>Fulda. Die Christlich-Demokratische Arbeitnehmerschaft (CDA) Kreisverband Fulda freut sich \u00fcber die Einf\u00fchrung des Mindestlohns in Deutschland. \u201eViele Arbeitnehmer bekommen bald mehr Lohn. Unw\u00fcrdige Dumpingl\u00f6hne werden verhindert. Das ist eine gute Nachricht f\u00fcr etwa 3,7 Mio. Besch\u00e4ftigte.\u201c, sagt heute CDA-Kreisvorsitzender Hubert Schulte in Fulda.<!--more--><\/p>\n<p>Er erinnert daran, dass die CDA als Sozialfl\u00fcgel der CDU schon lange f\u00fcr den Mindestlohn k\u00e4mpft. \u201eAuf dem CDU-Parteitag 2011 in Leipzig haben wir unseren Antrag f\u00fcr eine Lohnuntergrenze mit gro\u00dfer Mehrheit durchgeboxt. Wir haben die CDU auf Kurs Mindestlohn gebracht. Darauf k\u00f6nne die CDA stolz sein, so Schulte.<\/p>\n<p>Die geplanten Ausnahmen vom gesetzlichen Mindestlohn sieht der CDA-Kreisvorsitzende kritisch. Die Lohnuntergrenze m\u00fcsse alle Branchen umfassen, damit Menschen trotz Vollzeitarbeit nicht in Armut geraten. Erfahrungen in anderen L\u00e4ndern zeigten, dass sich Mindestl\u00f6hne nicht zulasten der Besch\u00e4ftigung auswirkten, solange sich das Mindesteinkommen nicht zu nah an den Durchschnittsl\u00f6hnen bewege, was in Deutschland der Fall sei. Im Gegenteil: da Niedrigverdiener ihr Einkommen in der Regel gleich konsumieren (m\u00fcssen), k\u00f6nnten sogar mehr neue Arbeitspl\u00e4tze entstehen als vielleicht an anderer Stelle wegfallen, so Dipl.-Volkswirt Schulte.<\/p>\n<p>Dies best\u00e4tigten auch Untersuchungen der Arbeitsmarktforschung. Sind zeitlich befristete \u00dcbergangsregelungen f\u00fcr einzelne Bereiche noch tolerabel, so ist der Ausschluss von Langzeitarbeitslosen f\u00fcr die ersten sechs Besch\u00e4ftigungsmonate problematisch. Ein solcher Ausschluss k\u00f6nne die Befristung der Besch\u00e4ftigung von Langzeitarbeitslosen auf sechs Monate f\u00f6rdern und einen regelm\u00e4\u00dfigen Austausch nach einem halben Jahr beg\u00fcnstigen. Der Ausschluss von Jugendlichen unter 18 Jahren k\u00f6nne nach Ansicht von Juristen gegen das Allgemeine Gleichbehandlungsgesetz (AGG) wegen Altersdiskriminierung versto\u00dfen und deshalb verfassungswidrig sein, so Schulte abschlie\u00dfend.<\/p>\n<p>Die Christlich-Demokratische Arbeitnehmerschaft (CDA) ist der Sozialfl\u00fcgel der CDU. Ihre Mitglieder k\u00fcmmern sich vor allem um Fragen der Sozialpolitik. Sie fordern unter anderem gute Arbeitsbedingungen, gerechte L\u00f6hne, eine sichere Rente und w\u00fcrdige Pflege. Weitere Infos zur CDA auf <a href=\"http:\/\/www.cda-bund.de\">www.cda-bund.de<\/a> oder beim Kreisvorsitzenden <a href=\"mailto:hubertschulte@gmx.de\">hubertschulte@gmx.de<\/a> .<\/p>\n","protected":false},"excerpt":{"rendered":"<div class=\"tmnf_excerpt\"><p>Fulda. Die Christlich-Demokratische Arbeitnehmerschaft (CDA) Kreisverband Fulda freut sich \u00fcber die Einf\u00fchrung des Mindestlohns in Deutschland. \u201eViele Arbeitnehmer bekommen bald mehr Lohn. Unw\u00fcrdige Dumpingl\u00f6hne werden verhindert. Das ist eine gute Nachricht f\u00fcr etwa 3,7 Mio. Besch\u00e4ftigte.\u201c, sagt heute CDA-Kreisvorsitzender Hubert Schulte in Fulda.<\/p>\n<\/div>","protected":false},"author":1,"featured_media":0,"comment_status":"closed","ping_status":"closed","sticky":false,"template":"","format":"standard","meta":{"footnotes":""},"categories":[1,29],"tags":[],"class_list":["post-126546","post","type-post","status-publish","format-standard","hentry","category-startseite","category-politik"],"_links":{"self":[{"href":"https:\/\/www.fuldaernachrichten.de\/index.php?rest_route=\/wp\/v2\/posts\/126546","targetHints":{"allow":["GET"]}}],"collection":[{"href":"https:\/\/www.fuldaernachrichten.de\/index.php?rest_route=\/wp\/v2\/posts"}],"about":[{"href":"https:\/\/www.fuldaernachrichten.de\/index.php?rest_route=\/wp\/v2\/types\/post"}],"author":[{"embeddable":true,"href":"https:\/\/www.fuldaernachrichten.de\/index.php?rest_route=\/wp\/v2\/users\/1"}],"replies":[{"embeddable":true,"href":"https:\/\/www.fuldaernachrichten.de\/index.php?rest_route=%2Fwp%2Fv2%2Fcomments&post=126546"}],"version-history":[{"count":1,"href":"https:\/\/www.fuldaernachrichten.de\/index.php?rest_route=\/wp\/v2\/posts\/126546\/revisions"}],"predecessor-version":[{"id":126547,"href":"https:\/\/www.fuldaernachrichten.de\/index.php?rest_route=\/wp\/v2\/posts\/126546\/revisions\/126547"}],"wp:attachment":[{"href":"https:\/\/www.fuldaernachrichten.de\/index.php?rest_route=%2Fwp%2Fv2%2Fmedia&parent=126546"}],"wp:term":[{"taxonomy":"category","embeddable":true,"href":"https:\/\/www.fuldaernachrichten.de\/index.php?rest_route=%2Fwp%2Fv2%2Fcategories&post=126546"},{"taxonomy":"post_tag","embeddable":true,"href":"https:\/\/www.fuldaernachrichten.de\/index.php?rest_route=%2Fwp%2Fv2%2Ftags&post=126546"}],"curies":[{"name":"wp","href":"https:\/\/api.w.org\/{rel}","templated":true}]}}