{"id":126536,"date":"2014-07-04T06:25:06","date_gmt":"2014-07-04T06:25:06","guid":{"rendered":"http:\/\/www.fuldaer-nachrichten.de\/?p=126536"},"modified":"2014-07-04T06:25:06","modified_gmt":"2014-07-04T06:25:06","slug":"antibiotika-in-tiermast-infoveranstaltung-am-mittwoch-9-juli","status":"publish","type":"post","link":"https:\/\/www.fuldaernachrichten.de\/?p=126536","title":{"rendered":"Antibiotika in Tiermast &#8211; Infoveranstaltung am Mittwoch, 9. Juli"},"content":{"rendered":"<p>Petersberg. Gemeinsam mit dem Kreisbauernverband Fulda-H\u00fcnfeld f\u00fchrt der Fachdienst Veterin\u00e4rwesen und Verbraucherschutz des Landkreis Fulda am Mittwoch, 9. Juli, ab 13 Uhr im Hotel Berghof in Almendorf eine Informationsveranstaltung f\u00fcr Landwirte zur Antibiotikadatenbank durch. Nach dem seit 1. April 2014 g\u00fcltigen neuen Arzneimittelgesetz sind Landwirte, die Mastrinder, Mastk\u00e4lber, Mastschweine, Mastputen oder Masth\u00fchner halten, verpflichtet, den Einsatz von Antibiotika in einer zentralen Datenbank anzuzeigen. Die Meldung der im zweiten Halbjahr verbrauchten Antibiotikamengen ist dann sp\u00e4testens am 14. Januar 2015 abzugeben.<\/p>\n","protected":false},"excerpt":{"rendered":"<div class=\"tmnf_excerpt\"><p>Petersberg. Gemeinsam mit dem Kreisbauernverband Fulda-H\u00fcnfeld f\u00fchrt der Fachdienst Veterin\u00e4rwesen und Verbraucherschutz des Landkreis Fulda am Mittwoch, 9. Juli, ab 13 Uhr im Hotel Berghof in Almendorf eine Informationsveranstaltung f\u00fcr Landwirte zur Antibiotikadatenbank durch. Nach dem seit 1. April 2014 g\u00fcltigen neuen Arzneimittelgesetz sind Landwirte, die Mastrinder, Mastk\u00e4lber, Mastschweine, Mastputen oder Masth\u00fchner halten, verpflichtet, den &hellip;<\/p>\n<\/div>","protected":false},"author":1,"featured_media":0,"comment_status":"closed","ping_status":"closed","sticky":false,"template":"","format":"standard","meta":{"footnotes":""},"categories":[1,51],"tags":[],"class_list":["post-126536","post","type-post","status-publish","format-standard","hentry","category-startseite","category-medizin"],"_links":{"self":[{"href":"https:\/\/www.fuldaernachrichten.de\/index.php?rest_route=\/wp\/v2\/posts\/126536","targetHints":{"allow":["GET"]}}],"collection":[{"href":"https:\/\/www.fuldaernachrichten.de\/index.php?rest_route=\/wp\/v2\/posts"}],"about":[{"href":"https:\/\/www.fuldaernachrichten.de\/index.php?rest_route=\/wp\/v2\/types\/post"}],"author":[{"embeddable":true,"href":"https:\/\/www.fuldaernachrichten.de\/index.php?rest_route=\/wp\/v2\/users\/1"}],"replies":[{"embeddable":true,"href":"https:\/\/www.fuldaernachrichten.de\/index.php?rest_route=%2Fwp%2Fv2%2Fcomments&post=126536"}],"version-history":[{"count":1,"href":"https:\/\/www.fuldaernachrichten.de\/index.php?rest_route=\/wp\/v2\/posts\/126536\/revisions"}],"predecessor-version":[{"id":126537,"href":"https:\/\/www.fuldaernachrichten.de\/index.php?rest_route=\/wp\/v2\/posts\/126536\/revisions\/126537"}],"wp:attachment":[{"href":"https:\/\/www.fuldaernachrichten.de\/index.php?rest_route=%2Fwp%2Fv2%2Fmedia&parent=126536"}],"wp:term":[{"taxonomy":"category","embeddable":true,"href":"https:\/\/www.fuldaernachrichten.de\/index.php?rest_route=%2Fwp%2Fv2%2Fcategories&post=126536"},{"taxonomy":"post_tag","embeddable":true,"href":"https:\/\/www.fuldaernachrichten.de\/index.php?rest_route=%2Fwp%2Fv2%2Ftags&post=126536"}],"curies":[{"name":"wp","href":"https:\/\/api.w.org\/{rel}","templated":true}]}}