{"id":126532,"date":"2014-07-04T06:24:31","date_gmt":"2014-07-04T06:24:31","guid":{"rendered":"http:\/\/www.fuldaer-nachrichten.de\/?p=126532"},"modified":"2014-07-04T06:24:31","modified_gmt":"2014-07-04T06:24:31","slug":"sommerlaune-und-stimmungshoch-beim-hilderser-heimatfest","status":"publish","type":"post","link":"https:\/\/www.fuldaernachrichten.de\/?p=126532","title":{"rendered":"Sommerlaune und Stimmungshoch beim Hilderser Heimatfest"},"content":{"rendered":"<p><a href=\"http:\/\/www.fuldaer-nachrichten.de\/wp-content\/uploads\/2014\/07\/DSC_1900.jpg\"><img decoding=\"async\" class=\"alignleft size-thumbnail wp-image-126534\" src=\"http:\/\/www.fuldaer-nachrichten.de\/wp-content\/uploads\/2014\/07\/DSC_1900-265x175.jpg\" alt=\"DSC_1900\" width=\"265\" height=\"175\" srcset=\"https:\/\/www.fuldaernachrichten.de\/wp-content\/uploads\/2014\/07\/DSC_1900-265x175.jpg 265w, https:\/\/www.fuldaernachrichten.de\/wp-content\/uploads\/2014\/07\/DSC_1900.jpg 600w\" sizes=\"(max-width: 265px) 100vw, 265px\" \/><\/a>Hilders. Bereits seit \u00fcber 40 Jahren ist im Monat August Feierlaune in der Rh\u00f6ner Marktgemeinde Hilders angesagt \u00c2\u00a0Das wir in der Marktgemeinde Hilders gut Feste feiern k\u00f6nnen, ist \u00fcber die Gemeindegrenzen und in der ganzen Rh\u00f6n schon lange bekannt. Das Hilderser Heimatfest ist nicht nur f\u00fcr viele Einheimische, sondern auch f\u00fcr viele G\u00e4ste der Rh\u00f6n ein fester Bestandteil im Veranstaltungskalender des Jahres und zwar nicht irgendwann, nein sondern immer am zweiten Wochenende im August. So auch dieses Jahr.<!--more--><\/p>\n<p>Wenn das Thermometer dann nach oben klettert, das zweite Augustwochenende da ist, dann sind auch die Arbeiten soweit gemacht, dass das Fest des Jahres beginnen kann. Termin in diesem Jahr ist der 09. \u2013 11. August 2014.<\/p>\n<p><strong>Stimmungsbarometer steigt &#8211; Heimatfest in Hilders kommt<\/strong><\/p>\n<p>Das Heimatfest ist das wohl traditionellste in der Gro\u00dfgemeinde Hilders. Das erste Mal wurde das Heimatfest 1972 als kleines Einweihungsfest des in diesem Jahr seiner Bestimmung \u00fcbergebenen neuen Gemeindezentrums gefeiert und sollte dazu dienen, dass sich die Bewohner der Marktgemeinde besser kennenlernen konnten. Seitdem hat sich das Fest immer weiter entwickelt und wird in der Ortsmitte von Hilders gefeiert.<\/p>\n<p><a href=\"http:\/\/www.fuldaer-nachrichten.de\/wp-content\/uploads\/2014\/07\/DSC_1831.jpg\"><img decoding=\"async\" class=\"alignleft size-thumbnail wp-image-126533\" src=\"http:\/\/www.fuldaer-nachrichten.de\/wp-content\/uploads\/2014\/07\/DSC_1831-265x175.jpg\" alt=\"DSC_1831\" width=\"265\" height=\"175\" srcset=\"https:\/\/www.fuldaernachrichten.de\/wp-content\/uploads\/2014\/07\/DSC_1831-265x175.jpg 265w, https:\/\/www.fuldaernachrichten.de\/wp-content\/uploads\/2014\/07\/DSC_1831.jpg 600w\" sizes=\"(max-width: 265px) 100vw, 265px\" \/><\/a>Er\u00f6ffnet wird das Heimatfest in Hilders am Samstag um 18.00 Uhr. Ab 19.00 Uhr sorgt die \u201eJames Band\u201c f\u00fcr Stimmung und Unterhaltung im Weindorf. Nach Einbruch der Dunkelheit wird ein Lampionzug f\u00fcr die Kinder durch die Stra\u00dfen von Hilders ziehen. Ab 21:00 Uhr ist dann \u201eDisconacht unter freiem Himmel\u201c mit MDA und DJ Erwin. Der Sonntag beginnt mit einem z\u00fcnftigen Fr\u00fchschoppen mit Eintopfessen, Gyros und Spezialit\u00e4ten vom Grill. F\u00fcr die musikalische Unterhaltung sorgt die \u201eRh\u00f6ner Trachtenkapelle Hilders\u201c.<\/p>\n<p>In verschiedenen Gastst\u00e4tten gibt es ein Heimatfestessen f\u00fcr 6,50 Euro. Frisch gest\u00e4rkt kann man dann den gro\u00dfen Festzug ansehen, der um 13.30 Uhr beginnt. H\u00f6hepunkte sind am Sonntag der gro\u00dfe Festzug und der Start von Hei\u00dfluftballons. Hierbei werden Ortstypisches und Rh\u00f6ner Brauchtum sowie Musikkapellen und Trachtengruppen die Zuschauer begeistern. Nach dem Auftritt des Musikkorps Tann wird B\u00fcrgermeister Hubert Blum seine Gru\u00dfworte an die G\u00e4ste richten. Danach folgen dann die Auftritte der Volkstanz- und Trachtengruppen. Nat\u00fcrlich gibt es auch wieder Kaffee und Kuchen.<\/p>\n<p>F\u00fcr weitere musikalische Unterhaltung sorgt der Musikverein \u201eSimmershausen -Batten\u201c. Von 15.00 Uhr \u2013 18.00 Uhr wird auch ein buntes Unterhaltungsprogramm f\u00fcr die kleinen G\u00e4ste, wie H\u00fcpfburg, Kutschfahrten, Basteln und Malen und ein Fahrradroller- und Bewegungsparcours &#8211; gef\u00f6rdert vom Bundesministerium f\u00fcr Verkehr &#8211; und noch mehr geboten. Bei g\u00fcnstiger Witterung starten gegen 18.00 Uhr Hei\u00dfluftballons. In der Zeit von 13.00 \u2013 18.00 Uhr sind die Gesch\u00e4fte ge\u00f6ffnet, so dass Sie zwischendurch auch noch in aller Ruhe einen Einkaufsbummel machen k\u00f6nnen.<\/p>\n<p>Das Hilderser Heimatfest klingt dann am Montag, 11. August ab 18.00 Uhr mit einem Feierabendschoppen und Haxen- und Kesselfleischessen aus. Auch f\u00fcr den kleinen Hunger ist gesorgt, denn neben den herk\u00f6mmlichen Speisen bekommt man z.B. auch Schmalzbrot oder K\u00e4seweck und Fischbr\u00f6tchen. Zur Unterhaltung spielt der Musikverein Lyra Eckweisbach\u201c.An allen Tagen ist der Eintritt frei. Ein Heimatfest mit familienfreundlichen Preisen bei Getr\u00e4nken, Fischbr\u00f6tchen, ger\u00e4ucherten Forellen und Grillwaren. Das gem\u00fctliche Weindorf l\u00e4dt zum Verweilen ein und l\u00e4sst den erlebnisreichen Tag in Hilders Revue passieren.<\/p>\n<p>Weitere Informationen zum Fest und nat\u00fcrlich auch zu Rad- und Wanderwegen und allgemeinen Gemeinde- und Rh\u00f6nausfl\u00fcgen bekommen Sie gerne bei der Marktgemeinde Hilders.<\/p>\n","protected":false},"excerpt":{"rendered":"<div class=\"tmnf_excerpt\"><p>Hilders. Bereits seit \u00fcber 40 Jahren ist im Monat August Feierlaune in der Rh\u00f6ner Marktgemeinde Hilders angesagt \u00c2\u00a0Das wir in der Marktgemeinde Hilders gut Feste feiern k\u00f6nnen, ist \u00fcber die Gemeindegrenzen und in der ganzen Rh\u00f6n schon lange bekannt. Das Hilderser Heimatfest ist nicht nur f\u00fcr viele Einheimische, sondern auch f\u00fcr viele G\u00e4ste der Rh\u00f6n &hellip;<\/p>\n<\/div>","protected":false},"author":1,"featured_media":0,"comment_status":"closed","ping_status":"closed","sticky":false,"template":"","format":"standard","meta":{"footnotes":""},"categories":[1,44],"tags":[],"class_list":["post-126532","post","type-post","status-publish","format-standard","hentry","category-startseite","category-kultur"],"_links":{"self":[{"href":"https:\/\/www.fuldaernachrichten.de\/index.php?rest_route=\/wp\/v2\/posts\/126532","targetHints":{"allow":["GET"]}}],"collection":[{"href":"https:\/\/www.fuldaernachrichten.de\/index.php?rest_route=\/wp\/v2\/posts"}],"about":[{"href":"https:\/\/www.fuldaernachrichten.de\/index.php?rest_route=\/wp\/v2\/types\/post"}],"author":[{"embeddable":true,"href":"https:\/\/www.fuldaernachrichten.de\/index.php?rest_route=\/wp\/v2\/users\/1"}],"replies":[{"embeddable":true,"href":"https:\/\/www.fuldaernachrichten.de\/index.php?rest_route=%2Fwp%2Fv2%2Fcomments&post=126532"}],"version-history":[{"count":1,"href":"https:\/\/www.fuldaernachrichten.de\/index.php?rest_route=\/wp\/v2\/posts\/126532\/revisions"}],"predecessor-version":[{"id":126535,"href":"https:\/\/www.fuldaernachrichten.de\/index.php?rest_route=\/wp\/v2\/posts\/126532\/revisions\/126535"}],"wp:attachment":[{"href":"https:\/\/www.fuldaernachrichten.de\/index.php?rest_route=%2Fwp%2Fv2%2Fmedia&parent=126532"}],"wp:term":[{"taxonomy":"category","embeddable":true,"href":"https:\/\/www.fuldaernachrichten.de\/index.php?rest_route=%2Fwp%2Fv2%2Fcategories&post=126532"},{"taxonomy":"post_tag","embeddable":true,"href":"https:\/\/www.fuldaernachrichten.de\/index.php?rest_route=%2Fwp%2Fv2%2Ftags&post=126532"}],"curies":[{"name":"wp","href":"https:\/\/api.w.org\/{rel}","templated":true}]}}