{"id":126523,"date":"2014-07-04T06:11:36","date_gmt":"2014-07-04T06:11:36","guid":{"rendered":"http:\/\/www.fuldaer-nachrichten.de\/?p=126523"},"modified":"2014-07-04T06:11:36","modified_gmt":"2014-07-04T06:11:36","slug":"tag-der-offenen-tuer-in-der-kindertagesstaette-dreikaesehoch","status":"publish","type":"post","link":"https:\/\/www.fuldaernachrichten.de\/?p=126523","title":{"rendered":"Tag der offenen T\u00fcr in der Kindertagesst\u00e4tte dreik\u00e4sehoch"},"content":{"rendered":"<p>Fulda. Die Kindertagesst\u00e4tte dreik\u00e4sehoch in der Mackenrodtstra\u00dfe 25 in Fulda l\u00e4dt am 19. Juli 2014 von 13.30 Uhr-15.30 Uhr zum Tag der offenen T\u00fcr ein. Alle Interessierten haben die M\u00f6glichkeit, die neue Kindertagesst\u00e4tte, die gleichzeitig Betriebskita und \u00f6ffentliche Kita ist, zu besichtigen.<\/p>\n","protected":false},"excerpt":{"rendered":"<div class=\"tmnf_excerpt\"><p>Fulda. Die Kindertagesst\u00e4tte dreik\u00e4sehoch in der Mackenrodtstra\u00dfe 25 in Fulda l\u00e4dt am 19. Juli 2014 von 13.30 Uhr-15.30 Uhr zum Tag der offenen T\u00fcr ein. Alle Interessierten haben die M\u00f6glichkeit, die neue Kindertagesst\u00e4tte, die gleichzeitig Betriebskita und \u00f6ffentliche Kita ist, zu besichtigen.<\/p>\n<\/div>","protected":false},"author":1,"featured_media":0,"comment_status":"closed","ping_status":"closed","sticky":false,"template":"","format":"standard","meta":{"footnotes":""},"categories":[1,72],"tags":[],"class_list":["post-126523","post","type-post","status-publish","format-standard","hentry","category-startseite","category-jugend"],"_links":{"self":[{"href":"https:\/\/www.fuldaernachrichten.de\/index.php?rest_route=\/wp\/v2\/posts\/126523","targetHints":{"allow":["GET"]}}],"collection":[{"href":"https:\/\/www.fuldaernachrichten.de\/index.php?rest_route=\/wp\/v2\/posts"}],"about":[{"href":"https:\/\/www.fuldaernachrichten.de\/index.php?rest_route=\/wp\/v2\/types\/post"}],"author":[{"embeddable":true,"href":"https:\/\/www.fuldaernachrichten.de\/index.php?rest_route=\/wp\/v2\/users\/1"}],"replies":[{"embeddable":true,"href":"https:\/\/www.fuldaernachrichten.de\/index.php?rest_route=%2Fwp%2Fv2%2Fcomments&post=126523"}],"version-history":[{"count":1,"href":"https:\/\/www.fuldaernachrichten.de\/index.php?rest_route=\/wp\/v2\/posts\/126523\/revisions"}],"predecessor-version":[{"id":126524,"href":"https:\/\/www.fuldaernachrichten.de\/index.php?rest_route=\/wp\/v2\/posts\/126523\/revisions\/126524"}],"wp:attachment":[{"href":"https:\/\/www.fuldaernachrichten.de\/index.php?rest_route=%2Fwp%2Fv2%2Fmedia&parent=126523"}],"wp:term":[{"taxonomy":"category","embeddable":true,"href":"https:\/\/www.fuldaernachrichten.de\/index.php?rest_route=%2Fwp%2Fv2%2Fcategories&post=126523"},{"taxonomy":"post_tag","embeddable":true,"href":"https:\/\/www.fuldaernachrichten.de\/index.php?rest_route=%2Fwp%2Fv2%2Ftags&post=126523"}],"curies":[{"name":"wp","href":"https:\/\/api.w.org\/{rel}","templated":true}]}}