{"id":126509,"date":"2014-07-03T06:55:21","date_gmt":"2014-07-03T06:55:21","guid":{"rendered":"http:\/\/www.fuldaer-nachrichten.de\/?p=126509"},"modified":"2014-07-03T06:55:21","modified_gmt":"2014-07-03T06:55:21","slug":"lions-club-fulda-bonifatius-feierte-zehnjaehriges-bestehen","status":"publish","type":"post","link":"https:\/\/www.fuldaernachrichten.de\/?p=126509","title":{"rendered":"Lions Club Fulda-Bonifatius feierte zehnj\u00e4hriges Bestehen"},"content":{"rendered":"<div id=\"attachment_126510\" style=\"width: 275px\" class=\"wp-caption alignleft\"><a href=\"http:\/\/www.fuldaer-nachrichten.de\/wp-content\/uploads\/2014\/07\/IMG_7239.jpg\"><img decoding=\"async\" aria-describedby=\"caption-attachment-126510\" class=\"size-thumbnail wp-image-126510\" src=\"http:\/\/www.fuldaer-nachrichten.de\/wp-content\/uploads\/2014\/07\/IMG_7239-265x176.jpg\" alt=\"Rosemarie Beyer-G\u00f6tz, Karin Breitenbach, Lions-Past-Pr\u00e4sident Gerhard Bub bei der Scheck\u00fcbergabe an Erhard Kiszner (1. Vorsitzender \u201eLeben und Arbeiten in Eichenzell e.V.), B\u00fcrgermeister Dieter Kolb, Manfred Gerhard, Johanna Schneider (Prokektleiterin) und Rainer Sippel (Antoniusheim). \" width=\"265\" height=\"176\" srcset=\"https:\/\/www.fuldaernachrichten.de\/wp-content\/uploads\/2014\/07\/IMG_7239-265x176.jpg 265w, https:\/\/www.fuldaernachrichten.de\/wp-content\/uploads\/2014\/07\/IMG_7239.jpg 600w\" sizes=\"(max-width: 265px) 100vw, 265px\" \/><\/a><p id=\"caption-attachment-126510\" class=\"wp-caption-text\">Rosemarie Beyer-G\u00f6tz, Karin Breitenbach, Lions-Past-Pr\u00e4sident Gerhard Bub bei der Scheck\u00fcbergabe an Erhard Kiszner (1. Vorsitzender \u201eLeben und Arbeiten in Eichenzell e.V.), B\u00fcrgermeister Dieter Kolb, Manfred Gerhard, Johanna Schneider (Prokektleiterin) und Rainer Sippel (Antoniusheim).<\/p><\/div>\n<p>Fulda \/ Eichenzell. Mit Pr\u00e4sident Gerhard Bub an der Spitze feierte der Lions Club Fulda-Bonifatius im vergangenen Herbst sein zehnj\u00e4hriges Bestehen: Die Jubil\u00e4umsveranstaltung fand unter dem Motto \u201eKulinaria \u2013 Kunst \u2013 Klubgeschichte\u201c in der Kulturscheune Eichenzell statt \u2013 und ganz dort in der N\u00e4he sollen nun auch die Erl\u00f6se des Abends investiert werden: So wurde nun eine Spende in H\u00f6he von 7000 Euro an den Verein\u201eLeben und Arbeiten in Eichenzell\u201c \u00fcbergeben.<\/p>\n<p>\u201eUnser Club hat schon immer einen besonderen Bezug zu Eichenzell, denn nach unserer Gr\u00fcndung am 28. April 2003 hat dann am 8. Mai 2004 unsere Charterfeier dort stattgefunden. Daher wollen wir mit unserer Benefizveranstaltung auch den Verein Leben und Arbeiten in Eichenzell unterst\u00fctzen\u201c, erkl\u00e4rte Lions-Past-Pr\u00e4sident Gerhard Bub zur Begr\u00fc\u00dfung. Die Jubil\u00e4umsveranstaltung zum zehnj\u00e4hrigen Bestehen bildete den Mittelpunkt des vergangenen Clubjahres unter der F\u00fchrung von Gerhard Bub.<!--more--><\/p>\n<p>Die Erl\u00f6se des Abends kommen nun dem Verein Leben und Arbeiten in Eichenzell e.V. zu: \u201eIm Herrenhaus in der Eichenzeller Ortsmitte wird das Antoniusheim eine Wohngruppe einrichten \u2013 hier werden die Erl\u00f6se unserer Jubil\u00e4umsveranstaltung eine sinnvolle Verwendung finden. Im Eintrittspreis f\u00fcr den Jubil\u00e4umsempfang waren inklusive: Ein Vier-G\u00e4nge-Men\u00fc und s\u00e4mtlichen Getr\u00e4nke. Wein (Jupp Hahner), Bier (Hochstift \/ Will), alkoholfreie Getr\u00e4nke (F\u00f6rstina) und Spirituosen (Schlitzer Destillerie) werden allesamt gesponsert, um einen m\u00f6glichst hohen Ertrag f\u00fcr den Verein Leben und Arbeiten in Eichenzell zu erwirtschaften.<\/p>\n<p>\u201eAuch unser Caterer Zuspann ist uns sehr entgegen gekommen, damit ein m\u00f6glichst hoher Erl\u00f6s in das \u00e2\u20ac\u0161Herrenhaus\u00e2\u20ac\u2122 im Ortskern flie\u00dfen kann, wo der Verein in Kooperation mit der Gemeinde Eichenzell und dem Antoniusheim 13 Apartments f\u00fcr behinderte Menschen einrichten wird. Ein absolutes Vorzeigeprojekt der Inklusion\u201c, erkl\u00e4rte Gerhard Bub. Dem schloss sich Erhard Kiszner als 1. Vorsitzender des Vereins \u201eLeben und Arbeiten in Eichenzell\u201c an: \u201eUnser Verein bewegt sich in riesigen Schritten vorw\u00e4rts: Obwohl erst Ende 2010 gegr\u00fcndet haben wir mittlerweile 145 Mitglieder und wollen uns in den n\u00e4chsten Jahren mit 100.000 Euro an dem Projekt beteiligen.\u201c Auch B\u00fcrgermeister Dieter Kolb bedankte sich beim Lions Club Fulda-Bonifatius, der in der Gemeinde Eichenzell bereits zahlreiche Projekte unterst\u00fctzt hat. Und schlie\u00dflich \u00fcbermittelten Rainer Sippel und die Projektleiterin Johanna Schneider ihre Dankesworte an Gerhard Bub und den Lions Club.<\/p>\n<p>R\u00fcckblickend auf das Jubil\u00e4umsjahr formulierte Bub, der die Lions-Pr\u00e4sidentschaft k\u00fcrzlich an Dr. Wolfgang Zeckey \u00fcbergab, seinen Leitgedanken: \u201eDer Grundgedanke unser Clubs \u2013 \u00e2\u20ac\u0161we serve\u00e2\u20ac\u02dc, also uneigenn\u00fctziges Handeln zum Wohle der Gemeinschaft \u2013 spielt intern wie extern eine gro\u00dfe Rolle spielen. Clubleben kann Arbeit sein, es soll aber vor allem auch Freude machen. Denn nur ein intensives Clubleben f\u00fchrt zu Erfolg, und deshalb freue ich mich heute zum Abschluss meines Pr\u00e4sidentenjahres unter dem Motto \u00e2\u20ac\u0161Verantwortung \u00fcbernehmen \u2013 mit Freude helfen\u00e2\u20ac\u02dc einen weiteren Spendenscheck \u00fcbergeben zu k\u00f6nnen. Insgesamt flossen im vergangenen Jahr 17000 Euro an gemeinn\u00fctzige Institutionen in der Region\u201c, schloss Gerhard Bub ab.<\/p>\n","protected":false},"excerpt":{"rendered":"<div class=\"tmnf_excerpt\"><p>Fulda \/ Eichenzell. Mit Pr\u00e4sident Gerhard Bub an der Spitze feierte der Lions Club Fulda-Bonifatius im vergangenen Herbst sein zehnj\u00e4hriges Bestehen: Die Jubil\u00e4umsveranstaltung fand unter dem Motto \u201eKulinaria \u2013 Kunst \u2013 Klubgeschichte\u201c in der Kulturscheune Eichenzell statt \u2013 und ganz dort in der N\u00e4he sollen nun auch die Erl\u00f6se des Abends investiert werden: So wurde &hellip;<\/p>\n<\/div>","protected":false},"author":1,"featured_media":0,"comment_status":"closed","ping_status":"closed","sticky":false,"template":"","format":"standard","meta":{"footnotes":""},"categories":[1,29],"tags":[],"class_list":["post-126509","post","type-post","status-publish","format-standard","hentry","category-startseite","category-politik"],"_links":{"self":[{"href":"https:\/\/www.fuldaernachrichten.de\/index.php?rest_route=\/wp\/v2\/posts\/126509","targetHints":{"allow":["GET"]}}],"collection":[{"href":"https:\/\/www.fuldaernachrichten.de\/index.php?rest_route=\/wp\/v2\/posts"}],"about":[{"href":"https:\/\/www.fuldaernachrichten.de\/index.php?rest_route=\/wp\/v2\/types\/post"}],"author":[{"embeddable":true,"href":"https:\/\/www.fuldaernachrichten.de\/index.php?rest_route=\/wp\/v2\/users\/1"}],"replies":[{"embeddable":true,"href":"https:\/\/www.fuldaernachrichten.de\/index.php?rest_route=%2Fwp%2Fv2%2Fcomments&post=126509"}],"version-history":[{"count":1,"href":"https:\/\/www.fuldaernachrichten.de\/index.php?rest_route=\/wp\/v2\/posts\/126509\/revisions"}],"predecessor-version":[{"id":126511,"href":"https:\/\/www.fuldaernachrichten.de\/index.php?rest_route=\/wp\/v2\/posts\/126509\/revisions\/126511"}],"wp:attachment":[{"href":"https:\/\/www.fuldaernachrichten.de\/index.php?rest_route=%2Fwp%2Fv2%2Fmedia&parent=126509"}],"wp:term":[{"taxonomy":"category","embeddable":true,"href":"https:\/\/www.fuldaernachrichten.de\/index.php?rest_route=%2Fwp%2Fv2%2Fcategories&post=126509"},{"taxonomy":"post_tag","embeddable":true,"href":"https:\/\/www.fuldaernachrichten.de\/index.php?rest_route=%2Fwp%2Fv2%2Ftags&post=126509"}],"curies":[{"name":"wp","href":"https:\/\/api.w.org\/{rel}","templated":true}]}}