{"id":126500,"date":"2014-07-03T06:48:48","date_gmt":"2014-07-03T06:48:48","guid":{"rendered":"http:\/\/www.fuldaer-nachrichten.de\/?p=126500"},"modified":"2014-07-03T06:48:48","modified_gmt":"2014-07-03T06:48:48","slug":"fulda-cup-2014-freiherr-vom-stein-schule-als-titelverteidiger","status":"publish","type":"post","link":"https:\/\/www.fuldaernachrichten.de\/?p=126500","title":{"rendered":"Fulda Cup 2014: Freiherr-vom-Stein-Schule als Titelverteidiger"},"content":{"rendered":"<p><a href=\"http:\/\/www.fuldaer-nachrichten.de\/wp-content\/uploads\/2014\/07\/Bild-1.jpg\"><img fetchpriority=\"high\" decoding=\"async\" class=\"alignleft size-thumbnail wp-image-126501\" src=\"http:\/\/www.fuldaer-nachrichten.de\/wp-content\/uploads\/2014\/07\/Bild-1-265x202.jpg\" alt=\"Bild 1\" width=\"265\" height=\"202\" srcset=\"https:\/\/www.fuldaernachrichten.de\/wp-content\/uploads\/2014\/07\/Bild-1-265x202.jpg 265w, https:\/\/www.fuldaernachrichten.de\/wp-content\/uploads\/2014\/07\/Bild-1.jpg 600w\" sizes=\"(max-width: 265px) 100vw, 265px\" \/><\/a>Fulda. Am 12. Juli 2014, in bereits weniger als zwei Wochen, hei\u00dft es endlich wieder: \u201eFulda Cup\u201c. Unter der Leitung von Lutz Schleicher und Tobias Jest\u00e4dt, beide Lehrer der Freiherr-vom-Stein-Schule, startete am Mittwoch die letzte Trainingseinheit des Titelverteidigers aus dem vergangenen Jahr. Vier Spieler des Antoniusheims trainieren bereits \u00fcber Wochen gemeinsam mit Sch\u00fclern der Jahrgangsstufe 5-10.<\/p>\n<p>Nach einem spielenden Warmmachprogramm wurde auch wieder flei\u00dfig an der Technik gefeilt. Sowohl Einwurf\u00fcbungen als auch das Passspiel standen im Fokus der letzten Einheit. Hierbei standen sich zwei Teams gegen\u00fcber, die durch pr\u00e4zises Ausf\u00fchren der \u00dcbungen, Punkte sammeln konnten. Ob der Titel verteidigt wird, entscheidet sich schon bald. Die Kicker scheinen jedenfalls keine Zweifel aufkommen zu lassen, denn w\u00e4hrend dem Training ist neben Spa\u00df auch die n\u00f6tige Ernsthaftigkeit zu sp\u00fcren.<!--more--><\/p>\n<p>Ganz offensichtlich sind jegliche Barrieren abgebaut und die Vorfreude auf den Fulda Cup 2014 erscheint riesig. Nach dem Abschlussspiel wurde sich nocheinmal motiviert und f\u00fcr die n\u00e4chste Woche zum gro\u00dfen \u201eFu\u00dfball mit dem besonderen Kick\u201c in Johannesberg verabredet.<\/p>\n<p>&nbsp;<\/p>\n","protected":false},"excerpt":{"rendered":"<div class=\"tmnf_excerpt\"><p>Fulda. Am 12. Juli 2014, in bereits weniger als zwei Wochen, hei\u00dft es endlich wieder: \u201eFulda Cup\u201c. Unter der Leitung von Lutz Schleicher und Tobias Jest\u00e4dt, beide Lehrer der Freiherr-vom-Stein-Schule, startete am Mittwoch die letzte Trainingseinheit des Titelverteidigers aus dem vergangenen Jahr. Vier Spieler des Antoniusheims trainieren bereits \u00fcber Wochen gemeinsam mit Sch\u00fclern der Jahrgangsstufe &hellip;<\/p>\n<\/div>","protected":false},"author":1,"featured_media":0,"comment_status":"closed","ping_status":"closed","sticky":false,"template":"","format":"standard","meta":{"footnotes":""},"categories":[1,46],"tags":[],"class_list":["post-126500","post","type-post","status-publish","format-standard","hentry","category-startseite","category-sport"],"_links":{"self":[{"href":"https:\/\/www.fuldaernachrichten.de\/index.php?rest_route=\/wp\/v2\/posts\/126500","targetHints":{"allow":["GET"]}}],"collection":[{"href":"https:\/\/www.fuldaernachrichten.de\/index.php?rest_route=\/wp\/v2\/posts"}],"about":[{"href":"https:\/\/www.fuldaernachrichten.de\/index.php?rest_route=\/wp\/v2\/types\/post"}],"author":[{"embeddable":true,"href":"https:\/\/www.fuldaernachrichten.de\/index.php?rest_route=\/wp\/v2\/users\/1"}],"replies":[{"embeddable":true,"href":"https:\/\/www.fuldaernachrichten.de\/index.php?rest_route=%2Fwp%2Fv2%2Fcomments&post=126500"}],"version-history":[{"count":1,"href":"https:\/\/www.fuldaernachrichten.de\/index.php?rest_route=\/wp\/v2\/posts\/126500\/revisions"}],"predecessor-version":[{"id":126502,"href":"https:\/\/www.fuldaernachrichten.de\/index.php?rest_route=\/wp\/v2\/posts\/126500\/revisions\/126502"}],"wp:attachment":[{"href":"https:\/\/www.fuldaernachrichten.de\/index.php?rest_route=%2Fwp%2Fv2%2Fmedia&parent=126500"}],"wp:term":[{"taxonomy":"category","embeddable":true,"href":"https:\/\/www.fuldaernachrichten.de\/index.php?rest_route=%2Fwp%2Fv2%2Fcategories&post=126500"},{"taxonomy":"post_tag","embeddable":true,"href":"https:\/\/www.fuldaernachrichten.de\/index.php?rest_route=%2Fwp%2Fv2%2Ftags&post=126500"}],"curies":[{"name":"wp","href":"https:\/\/api.w.org\/{rel}","templated":true}]}}