{"id":126497,"date":"2014-07-03T06:47:22","date_gmt":"2014-07-03T06:47:22","guid":{"rendered":"http:\/\/www.fuldaer-nachrichten.de\/?p=126497"},"modified":"2014-07-03T06:47:22","modified_gmt":"2014-07-03T06:47:22","slug":"prof-dr-kathrin-becker-schwarze-ist-neue-vizepraesidentin-fuer-lehre-und-studium","status":"publish","type":"post","link":"https:\/\/www.fuldaernachrichten.de\/?p=126497","title":{"rendered":"Prof. Dr. Kathrin Becker-Schwarze ist neue  Vizepr\u00e4sidentin f\u00fcr Lehre und Studium"},"content":{"rendered":"<div id=\"attachment_126498\" style=\"width: 275px\" class=\"wp-caption alignleft\"><a href=\"http:\/\/www.fuldaer-nachrichten.de\/wp-content\/uploads\/2014\/07\/Wahl-VPLS.jpg\"><img decoding=\"async\" aria-describedby=\"caption-attachment-126498\" class=\"size-thumbnail wp-image-126498\" src=\"http:\/\/www.fuldaer-nachrichten.de\/wp-content\/uploads\/2014\/07\/Wahl-VPLS-265x175.jpg\" alt=\"Die neue Vizepr\u00e4sidentin f\u00fcr Lehre und Studium Prof. Dr. Kathrin Becker-Schwarze (2. v. l.) mit Kanzler Ralf Alberding, Prof. Dr. Dorit B\u00f6lsche, Vizepr\u00e4sidentin f\u00fcr Forschung und Entwicklung und Prof. Dr. Karim Khakzar, Pr\u00e4sident der Hochschule Fulda (v. l.)\" width=\"265\" height=\"175\" srcset=\"https:\/\/www.fuldaernachrichten.de\/wp-content\/uploads\/2014\/07\/Wahl-VPLS-265x175.jpg 265w, https:\/\/www.fuldaernachrichten.de\/wp-content\/uploads\/2014\/07\/Wahl-VPLS.jpg 600w\" sizes=\"(max-width: 265px) 100vw, 265px\" \/><\/a><p id=\"caption-attachment-126498\" class=\"wp-caption-text\">Die neue Vizepr\u00e4sidentin f\u00fcr Lehre und Studium Prof. Dr. Kathrin Becker-Schwarze (2. v. l.) mit Kanzler Ralf Alberding, Prof. Dr. Dorit B\u00f6lsche, Vizepr\u00e4sidentin f\u00fcr Forschung und Entwicklung und Prof. Dr. Karim Khakzar, Pr\u00e4sident der Hochschule Fulda (v. l.)<\/p><\/div>\n<p>Fulda. Das Wahlgremium der Hochschule Fulda hat am Mittwoch dieser Woche Prof. Dr. Kathrin Becker-Schwarze, Professorin am Fachbereich Sozialwesen, mit gro\u00dfer Mehrheit im ersten Wahlgang zur Vizepr\u00e4sidentin gew\u00e4hlt. Sie wird in den kommenden drei Jahren f\u00fcr Lehre und Studium, Chancengleichheit und Diversit\u00e4t sowie Nachhaltigkeit zust\u00e4ndig sein.<\/p>\n<p>Die 54-j\u00e4hrige geb\u00fcrtige Bremerin studierte Rechtswissenschaften und promovierte 1997 an der Universit\u00e4t Bremen. In den folgenden Jahren war sie Gesch\u00e4ftsf\u00fchrerin des Instituts f\u00fcr Gesundheits- und Medizinrecht an der Universit\u00e4t Bremen. 2006 legte sie die Pr\u00fcfung zur Fachanw\u00e4ltin f\u00fcr Familienrecht ab. Im Jahr darauf \u00fcbernahm sie eine Vertretungsprofessur an der Hochschule Fulda. Seit 2008 ist sie Professorin am Fachbereich Sozialwesen. Dort lehrt sie Familien- und Jugendrecht sowie Recht der Sozialen Arbeit.<!--more--><\/p>\n<p>\u201eIn den vergangenen Jahren ist die Hochschule stark gewachsen. In Zukunft wird es nun verst\u00e4rkt darum gehen, die Qualit\u00e4t in der Lehre auszubauen und zu sichern\u201c, sagte Prof. Becker-Schwarze nach der Wahl. \u201eDiese Ziele werde man nur mit allen verantwortlichen Besch\u00e4ftigtengruppen und gemeinsam mit den Studierenden erreichen k\u00f6nnen. Besonderes Augenmerk will sie dabei auf das lebenslange Lernen legen. \u201eDie vielen verschiedenen Lebensformen in der Gesellschaft sollten sich auch in den Studienformen widerspiegeln\u201c, betonte sie. \u201eDie Hochschule Fulda sieht sich dem Prinzip der Chancengleichheit und Diversit\u00e4t verpflichtet, und es gilt mehr als bisher, die Vielfalt als Chance zu begreifen.\u201c<\/p>\n<p>Hochschulpr\u00e4sident Prof. Dr. Karim Khakzar begl\u00fcckw\u00fcnschte die neue Vizepr\u00e4si-denten zu ihrer Wahl und freut sich, dass das Pr\u00e4sidium nun wieder komplett ist. Am 1. September dieses Jahres wird Prof. Dr. Kathrin Becker-Schwarze ihr Amt antreten.<\/p>\n<p><strong>Das Wahlgremium:<br \/>\n<\/strong>Das Wahlgremium besteht aus insgesamt 35 stimmberechtigten Mitgliedern: 19 Professorinnen und Professoren, 10 Studierenden, 2 wissenschaftlichen sowie 4 administrativ-technischen Mitarbeiterinnen und Mitarbeitern.<\/p>\n","protected":false},"excerpt":{"rendered":"<div class=\"tmnf_excerpt\"><p>Fulda. Das Wahlgremium der Hochschule Fulda hat am Mittwoch dieser Woche Prof. Dr. Kathrin Becker-Schwarze, Professorin am Fachbereich Sozialwesen, mit gro\u00dfer Mehrheit im ersten Wahlgang zur Vizepr\u00e4sidentin gew\u00e4hlt. Sie wird in den kommenden drei Jahren f\u00fcr Lehre und Studium, Chancengleichheit und Diversit\u00e4t sowie Nachhaltigkeit zust\u00e4ndig sein. Die 54-j\u00e4hrige geb\u00fcrtige Bremerin studierte Rechtswissenschaften und promovierte 1997 &hellip;<\/p>\n<\/div>","protected":false},"author":1,"featured_media":0,"comment_status":"closed","ping_status":"closed","sticky":false,"template":"","format":"standard","meta":{"footnotes":""},"categories":[1,48],"tags":[],"class_list":["post-126497","post","type-post","status-publish","format-standard","hentry","category-startseite","category-forschung"],"_links":{"self":[{"href":"https:\/\/www.fuldaernachrichten.de\/index.php?rest_route=\/wp\/v2\/posts\/126497","targetHints":{"allow":["GET"]}}],"collection":[{"href":"https:\/\/www.fuldaernachrichten.de\/index.php?rest_route=\/wp\/v2\/posts"}],"about":[{"href":"https:\/\/www.fuldaernachrichten.de\/index.php?rest_route=\/wp\/v2\/types\/post"}],"author":[{"embeddable":true,"href":"https:\/\/www.fuldaernachrichten.de\/index.php?rest_route=\/wp\/v2\/users\/1"}],"replies":[{"embeddable":true,"href":"https:\/\/www.fuldaernachrichten.de\/index.php?rest_route=%2Fwp%2Fv2%2Fcomments&post=126497"}],"version-history":[{"count":1,"href":"https:\/\/www.fuldaernachrichten.de\/index.php?rest_route=\/wp\/v2\/posts\/126497\/revisions"}],"predecessor-version":[{"id":126499,"href":"https:\/\/www.fuldaernachrichten.de\/index.php?rest_route=\/wp\/v2\/posts\/126497\/revisions\/126499"}],"wp:attachment":[{"href":"https:\/\/www.fuldaernachrichten.de\/index.php?rest_route=%2Fwp%2Fv2%2Fmedia&parent=126497"}],"wp:term":[{"taxonomy":"category","embeddable":true,"href":"https:\/\/www.fuldaernachrichten.de\/index.php?rest_route=%2Fwp%2Fv2%2Fcategories&post=126497"},{"taxonomy":"post_tag","embeddable":true,"href":"https:\/\/www.fuldaernachrichten.de\/index.php?rest_route=%2Fwp%2Fv2%2Ftags&post=126497"}],"curies":[{"name":"wp","href":"https:\/\/api.w.org\/{rel}","templated":true}]}}