{"id":126491,"date":"2014-07-03T06:41:50","date_gmt":"2014-07-03T06:41:50","guid":{"rendered":"http:\/\/www.fuldaer-nachrichten.de\/?p=126491"},"modified":"2014-07-03T06:41:50","modified_gmt":"2014-07-03T06:41:50","slug":"eduard-stieler-absolventen-haben-spuren-hinterlassen","status":"publish","type":"post","link":"https:\/\/www.fuldaernachrichten.de\/?p=126491","title":{"rendered":"Eduard-Stieler-Absolventen haben Spuren hinterlassen"},"content":{"rendered":"<p><a href=\"http:\/\/www.fuldaer-nachrichten.de\/wp-content\/uploads\/2014\/07\/ESS-Die-Beste-2014.jpg\"><img decoding=\"async\" class=\"alignleft size-thumbnail wp-image-126492\" src=\"http:\/\/www.fuldaer-nachrichten.de\/wp-content\/uploads\/2014\/07\/ESS-Die-Beste-2014-265x175.jpg\" alt=\"ESS-Die-Beste-2014\" width=\"265\" height=\"175\" srcset=\"https:\/\/www.fuldaernachrichten.de\/wp-content\/uploads\/2014\/07\/ESS-Die-Beste-2014-265x175.jpg 265w, https:\/\/www.fuldaernachrichten.de\/wp-content\/uploads\/2014\/07\/ESS-Die-Beste-2014.jpg 600w\" sizes=\"(max-width: 265px) 100vw, 265px\" \/><\/a>Fulda. Nach dem traditionellen Gottesdienst in der Kirche St. Peter in Petersberg begr\u00fc\u00dfte Schulleiter Dr. Rudolf Drexler die zahlreichen anwesenden Absolventen, G\u00e4ste und Lehrkr\u00e4fte in der geschm\u00fcckten Aula mit einem Foto, welches in Laetoli in Tansania aufgenommen wurde und die 3 \u00c2\u00bd Millionen Jahre alten Spuren zweier vor einem Vulkan\u00c2\u00adausbruch geflohener Menschen zeigt. Dabei handele es sich um die ersten nachge\u00c2\u00adwiesenen Spuren unserer Vorfahren. Ebenso werden auch die verabschie\u00c2\u00addeten Abiturienten und Fachobersch\u00fcler Spuren bei ihren Eltern, Verwandten und Freun\u00c2\u00adden, aber auch in der Eduard-Stieler-Schule hinterlassen. <!--more--><\/p>\n<p>Auch die Lehrkr\u00e4fte wer\u00c2\u00adden Spuren hinterlassen durch ein positives Unterrichtsklima, Verst\u00e4ndnis oder gute Vorbereitung auf die Universit\u00e4t. So sind die Absolventen nun von der Schule mit einem Starter-Kit f\u00fcr ihr weiteres Leben ausgestattet worden, welches aus Ein\u00c2\u00adsatzbe\u00c2\u00adreitschaft, Verantwortungsbewusstsein, Kommunikationsf\u00e4higkeit, Teamgeist, Be\u00c2\u00adlastbarkeit und Leistungswillen besteht. Nun gelte es, das Beste daraus zu ma\u00c2\u00adchen, insbesondere dann, wenn man im Leben vor einer Weggabelung steht. Leicht ist man geneigt, den bekannten Weg zu nehmen, aber man sollte Mut haben und an Antoine de Saint-Exup\u00e9rys Worte denken, \u201eGeh\u00e2\u20ac\u02dc nicht nur die glatten Stra\u00dfen, geh\u00e2\u20ac\u02dc Wege, die noch niemand ging, damit du Spuren hinterl\u00e4sst und nicht nur Staub\u201c, im\u00c2\u00admerhin habe man es heute leichter als vor 3 \u00c2\u00bd Millionen Jahren, dennoch h\u00e4tten die Vormenschen \u00fcberlebt und zur Evolution beigetragen, weil sie neue Wege gingen.<\/p>\n<p>Im Anschluss freute sich die ehemalige Fachobersch\u00fclerin Sara Kautzsch \u00fcber die Gelegenheit, an ihre eigene Schulzeit erinnern zu k\u00f6nnen. Nachdem sie 1999 die Fachhochschulreife verliehen bekam, hatte sie das fachliche Fundament f\u00fcr ein Stu\u00c2\u00addium zur Diplompflegewirtin und konnte sich dann nach nur einem weiteren Jahr er\u00c2\u00adfolgreich dem Examen zur Gesundheits- und Krankenpflegerin stellen. Seit 2007 ist sie in der Pflegedienstleitung im Pflegestift Mediana. Seitdem konnte sie \u00fcber die Prakti\u00c2\u00adkanten den Kontakt zur Eduard-Stieler-Schule aufrechthalten. So schloss sie da\u00c2\u00admit, dass die vergangenen 15 Jahre wie im Fluge vergangen seien und einem ledig\u00c2\u00adlich die Erinnerung erhalten bliebe, und die sei gut.<\/p>\n<p>Schulsprecherin Sarah Schwendner ermunterte die jungen Absolventen damit, Mut zu haben, mit einem L\u00e4cheln durch das Leben zu gehen und Mut zu haben, Neues zu wagen. Sie dankte ihren Mitsch\u00fclern f\u00fcr die gemeinsam verbrachte Zeit und en\u00c2\u00addete mit einem Zitat des \u00f6sterreichischen Dramatikers Arthur Schnitzler \u201eEin <em>Ab\u00c2\u00adschied<\/em> schmerzt <em>immer<\/em>, auch wenn man sich schon lange darauf freut.\u201c<\/p>\n<p>Die vier Tutorengruppen des Beruflichen Gymnasiums erhielten nun ihre Zeugnisse der Allgemeinen Hochschulreife von Schulleiter Dr. Drexler, Abteilungsleiterin Anke Bischof sowie den jeweiligen Tutoren, Dr. Elke Bleifu\u00df, Dr. Monika Freitag, Dr. Eva-Maria G\u00fcrke und Herrn Christian Quanz \u00fcberreicht. Danach \u00fcberreichten Dr. Drexler, Abteilungsleiterin Angelika Bott-Werner und die jeweiligen Klassenlehrer Kornelia Brassel-Barth, Ruth Mehner, Petra M\u00fcller, Karsten Barthel und Ilse-Lore Schnegels\u00c2\u00adberg an ihre Absolventen die Zeugnisse der Allgemeinen Fachhochschulreife.<\/p>\n<p>F\u00fcr besondere Leistungen (Notenschnitt in Klammern) ehrte J\u00fcrgen Schneller als Vorsitzender des F\u00f6rdervereins der Eduard-Stieler-Schule Sabrina Kiel (1,3), Saskia Sendatzki (1,5), Pia Jonas (1,6), Martha Kre\u00df (1,3), Robert Rowland (1,8) und \u00fcber\u00c2\u00adgab ihnen jeweils einen Gutschein sowie ein Tablet.<\/p>\n<p>Im Auftrag des Bisch\u00f6flichen Generalvikariats \u00fcbergab Religionslehrer Markus Haar Buchge\u00c2\u00adschenke an Elisa Gr\u00fcnewald, Luca Jockel, Sabrina Kiel und Marius Schmidt., die sich einer m\u00fcndlichen Pr\u00fcfung im Fach Katholische Religion gestellt und diese mit \u201eSehr gut\u201c bestanden haben.<\/p>\n<p>Abschlie\u00dfend w\u00fcnschte Dr. Drexler den fast 180 erfolgreichen Absolventen alles Gute, viele neue Wege und positive Spuren in der Zukunft. F\u00fcr die stimmungsvolle Umrahmung der Feier haben Toni Will am Klavier und Iris Stake mit ihrer Blumendekoration gesorgt.\u00c2\u00a0 (Text: \u00c2\u00a0Bernhard Ilsemann\/Foto: Thimo Maase)<\/p>\n","protected":false},"excerpt":{"rendered":"<div class=\"tmnf_excerpt\"><p>Fulda. Nach dem traditionellen Gottesdienst in der Kirche St. Peter in Petersberg begr\u00fc\u00dfte Schulleiter Dr. Rudolf Drexler die zahlreichen anwesenden Absolventen, G\u00e4ste und Lehrkr\u00e4fte in der geschm\u00fcckten Aula mit einem Foto, welches in Laetoli in Tansania aufgenommen wurde und die 3 \u00c2\u00bd Millionen Jahre alten Spuren zweier vor einem Vulkan\u00c2\u00adausbruch geflohener Menschen zeigt. Dabei handele &hellip;<\/p>\n<\/div>","protected":false},"author":1,"featured_media":0,"comment_status":"closed","ping_status":"closed","sticky":false,"template":"","format":"standard","meta":{"footnotes":""},"categories":[1,53],"tags":[],"class_list":["post-126491","post","type-post","status-publish","format-standard","hentry","category-startseite","category-bildung"],"_links":{"self":[{"href":"https:\/\/www.fuldaernachrichten.de\/index.php?rest_route=\/wp\/v2\/posts\/126491","targetHints":{"allow":["GET"]}}],"collection":[{"href":"https:\/\/www.fuldaernachrichten.de\/index.php?rest_route=\/wp\/v2\/posts"}],"about":[{"href":"https:\/\/www.fuldaernachrichten.de\/index.php?rest_route=\/wp\/v2\/types\/post"}],"author":[{"embeddable":true,"href":"https:\/\/www.fuldaernachrichten.de\/index.php?rest_route=\/wp\/v2\/users\/1"}],"replies":[{"embeddable":true,"href":"https:\/\/www.fuldaernachrichten.de\/index.php?rest_route=%2Fwp%2Fv2%2Fcomments&post=126491"}],"version-history":[{"count":1,"href":"https:\/\/www.fuldaernachrichten.de\/index.php?rest_route=\/wp\/v2\/posts\/126491\/revisions"}],"predecessor-version":[{"id":126493,"href":"https:\/\/www.fuldaernachrichten.de\/index.php?rest_route=\/wp\/v2\/posts\/126491\/revisions\/126493"}],"wp:attachment":[{"href":"https:\/\/www.fuldaernachrichten.de\/index.php?rest_route=%2Fwp%2Fv2%2Fmedia&parent=126491"}],"wp:term":[{"taxonomy":"category","embeddable":true,"href":"https:\/\/www.fuldaernachrichten.de\/index.php?rest_route=%2Fwp%2Fv2%2Fcategories&post=126491"},{"taxonomy":"post_tag","embeddable":true,"href":"https:\/\/www.fuldaernachrichten.de\/index.php?rest_route=%2Fwp%2Fv2%2Ftags&post=126491"}],"curies":[{"name":"wp","href":"https:\/\/api.w.org\/{rel}","templated":true}]}}