{"id":126487,"date":"2014-07-03T06:38:55","date_gmt":"2014-07-03T06:38:55","guid":{"rendered":"http:\/\/www.fuldaer-nachrichten.de\/?p=126487"},"modified":"2014-07-03T06:38:55","modified_gmt":"2014-07-03T06:38:55","slug":"maerchen-daumesdick-fuer-alle-ab-fuenf-in-schloss-fasanerie","status":"publish","type":"post","link":"https:\/\/www.fuldaernachrichten.de\/?p=126487","title":{"rendered":"M\u00e4rchen \u201eDaumesdick\u201c f\u00fcr alle ab f\u00fcnf in Schloss Fasanerie"},"content":{"rendered":"<p>Eichenzell. Am Sonntag, den 06. Juli 2014 um 17:00 Uhr wird im Gro\u00dfen Saal von Schloss Fasanerie das spannende M\u00e4rchen \u201eDaumesdick\u201c oder die Reise des kleinen D\u00e4umlings der Br\u00fcder Grimm zu sehen und zu h\u00f6ren sein. Es erz\u00e4hlt die Geschichte eines ungew\u00f6hnlich kleinen Kindes und seiner vielen Abenteuer. Mit spannend-musikalischer Begleitung nehmen Silvia Pahl und Klaus Wilmanns vom Theater 3 hasen oben \u201ealle ab f\u00fcnf\u201c mit auf eine m\u00e4rchenhaft unterhaltsame Reise.\u00c2\u00a0 Eintritt: Kinder 5 \u00e2\u201a\u00ac, Erwachsene 8 \u00e2\u201a\u00ac. Karten gibt es an der Museumskasse Schloss Fasanerie, Telefon 0661\/ 94860 sowie per Mail info@schloss-fasanerie.de.<\/p>\n<p>&nbsp;<\/p>\n","protected":false},"excerpt":{"rendered":"<div class=\"tmnf_excerpt\"><p>Eichenzell. Am Sonntag, den 06. Juli 2014 um 17:00 Uhr wird im Gro\u00dfen Saal von Schloss Fasanerie das spannende M\u00e4rchen \u201eDaumesdick\u201c oder die Reise des kleinen D\u00e4umlings der Br\u00fcder Grimm zu sehen und zu h\u00f6ren sein. Es erz\u00e4hlt die Geschichte eines ungew\u00f6hnlich kleinen Kindes und seiner vielen Abenteuer. Mit spannend-musikalischer Begleitung nehmen Silvia Pahl und &hellip;<\/p>\n<\/div>","protected":false},"author":1,"featured_media":0,"comment_status":"closed","ping_status":"closed","sticky":false,"template":"","format":"standard","meta":{"footnotes":""},"categories":[1,44],"tags":[],"class_list":["post-126487","post","type-post","status-publish","format-standard","hentry","category-startseite","category-kultur"],"_links":{"self":[{"href":"https:\/\/www.fuldaernachrichten.de\/index.php?rest_route=\/wp\/v2\/posts\/126487","targetHints":{"allow":["GET"]}}],"collection":[{"href":"https:\/\/www.fuldaernachrichten.de\/index.php?rest_route=\/wp\/v2\/posts"}],"about":[{"href":"https:\/\/www.fuldaernachrichten.de\/index.php?rest_route=\/wp\/v2\/types\/post"}],"author":[{"embeddable":true,"href":"https:\/\/www.fuldaernachrichten.de\/index.php?rest_route=\/wp\/v2\/users\/1"}],"replies":[{"embeddable":true,"href":"https:\/\/www.fuldaernachrichten.de\/index.php?rest_route=%2Fwp%2Fv2%2Fcomments&post=126487"}],"version-history":[{"count":1,"href":"https:\/\/www.fuldaernachrichten.de\/index.php?rest_route=\/wp\/v2\/posts\/126487\/revisions"}],"predecessor-version":[{"id":126488,"href":"https:\/\/www.fuldaernachrichten.de\/index.php?rest_route=\/wp\/v2\/posts\/126487\/revisions\/126488"}],"wp:attachment":[{"href":"https:\/\/www.fuldaernachrichten.de\/index.php?rest_route=%2Fwp%2Fv2%2Fmedia&parent=126487"}],"wp:term":[{"taxonomy":"category","embeddable":true,"href":"https:\/\/www.fuldaernachrichten.de\/index.php?rest_route=%2Fwp%2Fv2%2Fcategories&post=126487"},{"taxonomy":"post_tag","embeddable":true,"href":"https:\/\/www.fuldaernachrichten.de\/index.php?rest_route=%2Fwp%2Fv2%2Ftags&post=126487"}],"curies":[{"name":"wp","href":"https:\/\/api.w.org\/{rel}","templated":true}]}}