{"id":126460,"date":"2014-07-03T06:32:25","date_gmt":"2014-07-03T06:32:25","guid":{"rendered":"http:\/\/www.fuldaer-nachrichten.de\/?p=126460"},"modified":"2014-07-03T06:32:25","modified_gmt":"2014-07-03T06:32:25","slug":"ziel-und-zeitplanung-fuer-frauen-ein-seminarangebot-der-agentur-fuer-arbeit-in-fulda","status":"publish","type":"post","link":"https:\/\/www.fuldaernachrichten.de\/?p=126460","title":{"rendered":"Ziel- und Zeitplanung f\u00fcr Frauen &#8211; Ein Seminarangebot der Agentur f\u00fcr Arbeit in Fulda"},"content":{"rendered":"<p>Bad Hersfeld. Interessierte Frauen haben am 09. Juli in der Agentur f\u00fcr Arbeit in Fulda die M\u00f6glichkeit, an einem Workshop zum Thema Ziel- und Zeitplanung teilzunehmen. \u201eZeitplanung ist kein Selbstzweck. Es geht nicht darum, Zeit zu sparen. Zeitplanung hilft vielmehr, die eigenen Ziele im beruflichen, famili\u00e4ren und pers\u00f6nlichen Bereich effektiver und effizienter zu erreichen\u201c, erkl\u00e4rt Melanie Bonacker, Beauftragte f\u00fcr Chancengleichheit am Arbeitsmarkt. <!--more--><\/p>\n<p>\u201eDie Kunst der Lebensf\u00fchrung besteht darin, f\u00fcr sich die richtigen Ziele zu finden, das Leben danach auszurichten und sich auf das Wesentliche zu konzentrieren\u201c, so Bonacker weiter. Der Workshop setze daher zuerst bei den Zielen und der Selbstanalyse an und vermittelt dann praxisnah die wichtigsten Methoden einer zielorientierten Zeitplanung im Alltag. So lernen die Teilnehmerinnen zum Beispiel, wie sie \u201eZeitdiebe\u201c beseitigen, Aufgaben delegieren und somit Stress bew\u00e4ltigen, Priorit\u00e4ten setzten und konsequent bleiben.<\/p>\n<p>Das Seminar findet von 9 bis 12 Uhr im Gruppenraum des Berufsinformationszentrums der Agentur f\u00fcr Arbeit in Fulda (Rangstr. 4 \u2013 Eingang \u00fcber Gambettagasse) statt. Aufgrund der begrenzten Teilnehmerinnenzahl ist eine Anmeldung \u00fcber folgende Kontaktdaten erforderlich. Referentin ist Alexandra K\u00e4smann, Coach und Trainerin aus H\u00fcnfeld.<\/p>\n<p>Kontakt<br \/>\nTelefon: + 49 6621 209 543<br \/>\nE-Mail: BadHersfeld-Fulda.BCA@arbeitsagentur.de<\/p>\n","protected":false},"excerpt":{"rendered":"<div class=\"tmnf_excerpt\"><p>Bad Hersfeld. Interessierte Frauen haben am 09. Juli in der Agentur f\u00fcr Arbeit in Fulda die M\u00f6glichkeit, an einem Workshop zum Thema Ziel- und Zeitplanung teilzunehmen. \u201eZeitplanung ist kein Selbstzweck. Es geht nicht darum, Zeit zu sparen. Zeitplanung hilft vielmehr, die eigenen Ziele im beruflichen, famili\u00e4ren und pers\u00f6nlichen Bereich effektiver und effizienter zu erreichen\u201c, erkl\u00e4rt &hellip;<\/p>\n<\/div>","protected":false},"author":1,"featured_media":0,"comment_status":"closed","ping_status":"closed","sticky":false,"template":"","format":"standard","meta":{"footnotes":""},"categories":[1,53],"tags":[],"class_list":["post-126460","post","type-post","status-publish","format-standard","hentry","category-startseite","category-bildung"],"_links":{"self":[{"href":"https:\/\/www.fuldaernachrichten.de\/index.php?rest_route=\/wp\/v2\/posts\/126460","targetHints":{"allow":["GET"]}}],"collection":[{"href":"https:\/\/www.fuldaernachrichten.de\/index.php?rest_route=\/wp\/v2\/posts"}],"about":[{"href":"https:\/\/www.fuldaernachrichten.de\/index.php?rest_route=\/wp\/v2\/types\/post"}],"author":[{"embeddable":true,"href":"https:\/\/www.fuldaernachrichten.de\/index.php?rest_route=\/wp\/v2\/users\/1"}],"replies":[{"embeddable":true,"href":"https:\/\/www.fuldaernachrichten.de\/index.php?rest_route=%2Fwp%2Fv2%2Fcomments&post=126460"}],"version-history":[{"count":1,"href":"https:\/\/www.fuldaernachrichten.de\/index.php?rest_route=\/wp\/v2\/posts\/126460\/revisions"}],"predecessor-version":[{"id":126461,"href":"https:\/\/www.fuldaernachrichten.de\/index.php?rest_route=\/wp\/v2\/posts\/126460\/revisions\/126461"}],"wp:attachment":[{"href":"https:\/\/www.fuldaernachrichten.de\/index.php?rest_route=%2Fwp%2Fv2%2Fmedia&parent=126460"}],"wp:term":[{"taxonomy":"category","embeddable":true,"href":"https:\/\/www.fuldaernachrichten.de\/index.php?rest_route=%2Fwp%2Fv2%2Fcategories&post=126460"},{"taxonomy":"post_tag","embeddable":true,"href":"https:\/\/www.fuldaernachrichten.de\/index.php?rest_route=%2Fwp%2Fv2%2Ftags&post=126460"}],"curies":[{"name":"wp","href":"https:\/\/api.w.org\/{rel}","templated":true}]}}