{"id":126433,"date":"2014-07-02T06:12:59","date_gmt":"2014-07-02T06:12:59","guid":{"rendered":"http:\/\/www.fuldaer-nachrichten.de\/?p=126433"},"modified":"2014-07-02T06:12:59","modified_gmt":"2014-07-02T06:12:59","slug":"agentur-gute-seele-verlegt-firmensitz-nach-kuenzell-dietershausen-tag-der-offenen-tuer-am-12-juli","status":"publish","type":"post","link":"https:\/\/www.fuldaernachrichten.de\/?p=126433","title":{"rendered":"Agentur Gute Seele verlegt Firmensitz nach K\u00fcnzell-Dietershausen &#8211; Tag der offenen T\u00fcr am 12. Juli"},"content":{"rendered":"<div id=\"attachment_126434\" style=\"width: 275px\" class=\"wp-caption alignleft\"><a href=\"http:\/\/www.fuldaer-nachrichten.de\/wp-content\/uploads\/2014\/07\/140701_GuteSeele.jpg\"><img fetchpriority=\"high\" decoding=\"async\" aria-describedby=\"caption-attachment-126434\" class=\"size-thumbnail wp-image-126434\" src=\"http:\/\/www.fuldaer-nachrichten.de\/wp-content\/uploads\/2014\/07\/140701_GuteSeele-265x238.jpg\" alt=\"Das kreative Werbe-Trio der Guten Seele v.li. Olga Krieger, Tobias Schlegel, Ines Kr\u00f6hnert \" width=\"265\" height=\"238\" srcset=\"https:\/\/www.fuldaernachrichten.de\/wp-content\/uploads\/2014\/07\/140701_GuteSeele-265x238.jpg 265w, https:\/\/www.fuldaernachrichten.de\/wp-content\/uploads\/2014\/07\/140701_GuteSeele.jpg 600w\" sizes=\"(max-width: 265px) 100vw, 265px\" \/><\/a><p id=\"caption-attachment-126434\" class=\"wp-caption-text\">Das kreative Werbe-Trio der Guten Seele v.li. Olga Krieger, Tobias Schlegel, Ines Kr\u00f6hnert<\/p><\/div>\n<p>K\u00fcnzell-Dietershausen. Die Marketing &amp; Design Agentur \u201eGute Seele\u201c aus Hilders-Eckweisbach hat zum 1. Juli 2014 ihren Firmensitz nach K\u00fcnzell-Dietershausen verlegt. Der Umzug aus der Rh\u00f6n in die N\u00e4he Fuldas ist f\u00fcr die beiden Firmengr\u00fcnder, Olga Krieger und Tobias Schlegel, ein wichtiger Schritt in Richtung Zukunft. \u201eWir haben uns nicht nur r\u00e4umlich neu orientiert. Wir haben uns auch inhaltlich und personell breiter aufgestellt und wollen f\u00fcr unsere Kunden k\u00fcnftig besser und schneller erreichbar sein\u201c, erkl\u00e4rt Olga Krieger, strategischer Kopf der Agentur.<!--more--><\/p>\n<p>Das Dienstleistungsspektrum des jungen, dynamischen Teams, das seine Schwerpunkte in den Bereichen Konzeption, Strategie, Markenbildung und Kommuni-kation gesetzt hat, ist breit gef\u00e4chert. \u201eWir stehen f\u00fcr Ideenreichtum, Qualit\u00e4t und innovative L\u00f6sungen\u201c, unter-streicht Tobias Schlegel, der die unterschiedlichsten Werbema\u00df-nahmen mit viel Kreativit\u00e4t in Szene setzt. Seit Kurzem wird das Werbe-Duo von Mediengestalterin Ines Kr\u00f6hnert unterst\u00fctzt, die mit viel Erfahrung und gestalterischem Know-how f\u00fcr reibungslose Projektabl\u00e4ufe sorgt.<\/p>\n<p>Wer die \u201eGute Seele\u201c kennenlernen m\u00f6chte, ist herzlich zum Tag der offenen T\u00fcr am Samstag, 12. Juli, von 9 bis 13 Uhr nach K\u00fcnzell\/Dietershausen, Hauptstra\u00dfe 3, eingeladen. \u201eWir freuen uns sehr darauf, unsere Kunden, Nachbarn und alle Interessierten in unseren neuen Gesch\u00e4ftsr\u00e4umen zu begr\u00fc\u00dfen und mit ihnen bei einer Tasse Kaffee oder Tee ins Gespr\u00e4ch zu kommen\u201c, erkl\u00e4rt Olga Krieger abschlie\u00dfend.<\/p>\n","protected":false},"excerpt":{"rendered":"<div class=\"tmnf_excerpt\"><p>K\u00fcnzell-Dietershausen. Die Marketing &amp; Design Agentur \u201eGute Seele\u201c aus Hilders-Eckweisbach hat zum 1. Juli 2014 ihren Firmensitz nach K\u00fcnzell-Dietershausen verlegt. Der Umzug aus der Rh\u00f6n in die N\u00e4he Fuldas ist f\u00fcr die beiden Firmengr\u00fcnder, Olga Krieger und Tobias Schlegel, ein wichtiger Schritt in Richtung Zukunft. \u201eWir haben uns nicht nur r\u00e4umlich neu orientiert. Wir haben &hellip;<\/p>\n<\/div>","protected":false},"author":1,"featured_media":0,"comment_status":"closed","ping_status":"closed","sticky":false,"template":"","format":"standard","meta":{"footnotes":""},"categories":[1,29],"tags":[],"class_list":["post-126433","post","type-post","status-publish","format-standard","hentry","category-startseite","category-politik"],"_links":{"self":[{"href":"https:\/\/www.fuldaernachrichten.de\/index.php?rest_route=\/wp\/v2\/posts\/126433","targetHints":{"allow":["GET"]}}],"collection":[{"href":"https:\/\/www.fuldaernachrichten.de\/index.php?rest_route=\/wp\/v2\/posts"}],"about":[{"href":"https:\/\/www.fuldaernachrichten.de\/index.php?rest_route=\/wp\/v2\/types\/post"}],"author":[{"embeddable":true,"href":"https:\/\/www.fuldaernachrichten.de\/index.php?rest_route=\/wp\/v2\/users\/1"}],"replies":[{"embeddable":true,"href":"https:\/\/www.fuldaernachrichten.de\/index.php?rest_route=%2Fwp%2Fv2%2Fcomments&post=126433"}],"version-history":[{"count":1,"href":"https:\/\/www.fuldaernachrichten.de\/index.php?rest_route=\/wp\/v2\/posts\/126433\/revisions"}],"predecessor-version":[{"id":126435,"href":"https:\/\/www.fuldaernachrichten.de\/index.php?rest_route=\/wp\/v2\/posts\/126433\/revisions\/126435"}],"wp:attachment":[{"href":"https:\/\/www.fuldaernachrichten.de\/index.php?rest_route=%2Fwp%2Fv2%2Fmedia&parent=126433"}],"wp:term":[{"taxonomy":"category","embeddable":true,"href":"https:\/\/www.fuldaernachrichten.de\/index.php?rest_route=%2Fwp%2Fv2%2Fcategories&post=126433"},{"taxonomy":"post_tag","embeddable":true,"href":"https:\/\/www.fuldaernachrichten.de\/index.php?rest_route=%2Fwp%2Fv2%2Ftags&post=126433"}],"curies":[{"name":"wp","href":"https:\/\/api.w.org\/{rel}","templated":true}]}}