{"id":126423,"date":"2014-07-02T06:08:34","date_gmt":"2014-07-02T06:08:34","guid":{"rendered":"http:\/\/www.fuldaer-nachrichten.de\/?p=126423"},"modified":"2014-07-02T06:08:34","modified_gmt":"2014-07-02T06:08:34","slug":"aok-hessen-und-kv-hessen-bauen-frueherkennung-aus-u10-u11-und-j2-sind-jetzt-ueber-die-kv-karte-abrechenbar","status":"publish","type":"post","link":"https:\/\/www.fuldaernachrichten.de\/?p=126423","title":{"rendered":"AOK Hessen und KV Hessen bauen Fr\u00fcherkennung aus: U10, U11 und J2 sind jetzt \u00fcber die KV-Karte abrechenbar"},"content":{"rendered":"<p>Bad Homburg \/ Frankfurt. Die hessischen Kinder\u00e4rzte und Haus\u00e4rztek\u00f6nnen ab dem 1. Juli f\u00fcr AOK-versicherte Kinder und Jugendliche die Vorsorge-Untersuchungen U10, U11 und J2 abrechnen. Das haben die AOK Hessen und die KV Hessen jetzt vertraglich vereinbart. Den Patienten entstehen hierbei keine Kosten. Damit wird eine entscheidende Versorgungsl\u00fccke von mehreren Jahren geschlossen.<!--more--><\/p>\n<p>Ein im Juni\u00c2\u00a0 geschlossener Vertrag zwischen den beiden Partnern macht diese sinnvolle Erweiterung des Leistungsspektrums m\u00f6glich. Die Fr\u00fcherkennungen im Grundschulalter (U10 und U11) sowie die J2, die im Alter zwischen 16 und 17 Jahren vorgesehen ist, sollen den jeweiligen Stand der k\u00f6rperlichen, geistigen, emotionalen und sozialen Entwicklung sichtbar machen. Durch gezielte und nachhaltige Ma\u00dfnahmen soll die gesellschaftliche Chancengleichheit von Kindern und Jugendlichen gef\u00f6rdert werden. Im Gegensatz zu den Untersuchungen j\u00fcngerer Kinder (U1 bis U9) sind diese f\u00fcr Eltern zwar nicht verpflichtend, werden aber von Medizinern und auch von der AOK Hessen empfohlen.<\/p>\n<p>F\u00fcr das haus\u00e4rztliche Vorstandsmitglied der KV Hessen, Dr. G\u00fcnter Haas, wird mit dem Vertrag eine bisher bestehende Versorgungsl\u00fccke geschlossen: \u201eEs ist wichtig, gerade im Grundschulalter m\u00f6gliche Fehlentwicklungen zu erkennen und dann gegensteuern zu k\u00f6nnen. Dies macht der Vertrag jetzt m\u00f6glich. Zudem k\u00f6nnen am Vertrag neben den kinder\u00e4rztlichen Praxen auch alle weiteren haus\u00e4rztlichen Praxen teilnehmen.\u201c Dr. Isabella Erb-Herrmann, verantwortlich f\u00fcr integratives Leistungsmanagement bei der AOK Hessen, unterstreicht die \u00dcberwindung der bisherigen Versorgungsl\u00fccke: \u201eFamilien mit Schulkindern gewinnen dadurch deutlich mehr Sicherheit, und das vollkommen unkompliziert \u00fcber ihre Versichertenkarte.\u201c<\/p>\n<p>So umfasst die U10 \u2013 durchgef\u00fchrt im Alter von 7 oder 8 Jahren \u2013 nicht nur die Pr\u00fcfung des Impfstatus und der Vorgeschichte einschlie\u00dflich vormals festgestellter Verdachtsdiagnosen, sondern auch das m\u00f6gliche Einleiten von Therapien zum Beispiel bei einer Lese-Rechtschreib-Rechenst\u00f6rung, bei Defiziten in der motorischen Entwicklung oder Zahn-, Mund- und Kieferproblemen. Die U11 im Alter von 9 bis 10 Jahren geht hierbei altersbedingt noch weiter, enth\u00e4lt auch Ma\u00dfnahmen beispielsweise zur Gewaltpr\u00e4vention und zum Medienverhalten. Die J2 im Alter von 16 bis 17 Jahren schlie\u00dflich legt den Fokus auf Pubert\u00e4ts-, Haltungs- und Sexualst\u00f6rungen, umfasst aber ebenso die Diabetes-Vorsorge und eine eingehende Beratung zu Allergien im Hinblick auf die Berufswahl.<\/p>\n","protected":false},"excerpt":{"rendered":"<div class=\"tmnf_excerpt\"><p>Bad Homburg \/ Frankfurt. Die hessischen Kinder\u00e4rzte und Haus\u00e4rztek\u00f6nnen ab dem 1. Juli f\u00fcr AOK-versicherte Kinder und Jugendliche die Vorsorge-Untersuchungen U10, U11 und J2 abrechnen. Das haben die AOK Hessen und die KV Hessen jetzt vertraglich vereinbart. Den Patienten entstehen hierbei keine Kosten. Damit wird eine entscheidende Versorgungsl\u00fccke von mehreren Jahren geschlossen.<\/p>\n<\/div>","protected":false},"author":1,"featured_media":0,"comment_status":"closed","ping_status":"closed","sticky":false,"template":"","format":"standard","meta":{"footnotes":""},"categories":[1,51],"tags":[],"class_list":["post-126423","post","type-post","status-publish","format-standard","hentry","category-startseite","category-medizin"],"_links":{"self":[{"href":"https:\/\/www.fuldaernachrichten.de\/index.php?rest_route=\/wp\/v2\/posts\/126423","targetHints":{"allow":["GET"]}}],"collection":[{"href":"https:\/\/www.fuldaernachrichten.de\/index.php?rest_route=\/wp\/v2\/posts"}],"about":[{"href":"https:\/\/www.fuldaernachrichten.de\/index.php?rest_route=\/wp\/v2\/types\/post"}],"author":[{"embeddable":true,"href":"https:\/\/www.fuldaernachrichten.de\/index.php?rest_route=\/wp\/v2\/users\/1"}],"replies":[{"embeddable":true,"href":"https:\/\/www.fuldaernachrichten.de\/index.php?rest_route=%2Fwp%2Fv2%2Fcomments&post=126423"}],"version-history":[{"count":1,"href":"https:\/\/www.fuldaernachrichten.de\/index.php?rest_route=\/wp\/v2\/posts\/126423\/revisions"}],"predecessor-version":[{"id":126424,"href":"https:\/\/www.fuldaernachrichten.de\/index.php?rest_route=\/wp\/v2\/posts\/126423\/revisions\/126424"}],"wp:attachment":[{"href":"https:\/\/www.fuldaernachrichten.de\/index.php?rest_route=%2Fwp%2Fv2%2Fmedia&parent=126423"}],"wp:term":[{"taxonomy":"category","embeddable":true,"href":"https:\/\/www.fuldaernachrichten.de\/index.php?rest_route=%2Fwp%2Fv2%2Fcategories&post=126423"},{"taxonomy":"post_tag","embeddable":true,"href":"https:\/\/www.fuldaernachrichten.de\/index.php?rest_route=%2Fwp%2Fv2%2Ftags&post=126423"}],"curies":[{"name":"wp","href":"https:\/\/api.w.org\/{rel}","templated":true}]}}