{"id":126400,"date":"2014-07-02T06:00:06","date_gmt":"2014-07-02T06:00:06","guid":{"rendered":"http:\/\/www.fuldaer-nachrichten.de\/?p=126400"},"modified":"2014-07-02T06:00:06","modified_gmt":"2014-07-02T06:00:06","slug":"dirk-und-annette-andrae-melden-sich-zurueck-im-turniergeschehen","status":"publish","type":"post","link":"https:\/\/www.fuldaernachrichten.de\/?p=126400","title":{"rendered":"Dirk und Annette Andr\u00e4 melden sich zur\u00fcck im Turniergeschehen"},"content":{"rendered":"<p><strong><a href=\"http:\/\/www.fuldaer-nachrichten.de\/wp-content\/uploads\/2014\/07\/DSC00889.jpg\"><img fetchpriority=\"high\" decoding=\"async\" class=\"alignleft size-thumbnail wp-image-126402\" src=\"http:\/\/www.fuldaer-nachrichten.de\/wp-content\/uploads\/2014\/07\/DSC00889-265x363.jpg\" alt=\"DSC00889\" width=\"265\" height=\"363\" srcset=\"https:\/\/www.fuldaernachrichten.de\/wp-content\/uploads\/2014\/07\/DSC00889-265x363.jpg 265w, https:\/\/www.fuldaernachrichten.de\/wp-content\/uploads\/2014\/07\/DSC00889-193x265.jpg 193w, https:\/\/www.fuldaernachrichten.de\/wp-content\/uploads\/2014\/07\/DSC00889-437x600.jpg 437w, https:\/\/www.fuldaernachrichten.de\/wp-content\/uploads\/2014\/07\/DSC00889.jpg 600w\" sizes=\"(max-width: 265px) 100vw, 265px\" \/><\/a>Fulda\/Wiesbaden<\/strong> (brg) Mit ihrem Start beim Sommerturnier des TC Blau-Orange Wiesbaden melden sich Dirk und Annette Andr\u00e4 von den Tanz-Freunden Fulda nach l\u00e4ngerer krankheitsbedingter Pause nun im Turniergeschehen der Senioren II S-Klasse, der Bundesliga des Tanzsports, zur\u00fcck. Insbesondere mit ihrem ausdrucksstarken Langsamen Walzer ertanzte sich das sympathische Petersberger Turnierpaar die Teilnahme an der Endrunde und erreichte dort einen hervorragenden 6. Platz. Den Sieg holten Rolf und Iris Pernat vom TSC Melodie Saarlouis vor Damian Kukowka und Bettina Weimann (Blau-Gold Casino Darmstadt) und Mario Thamm und Miriam Gottschalk (1. TGC Redoute Koblenz).<\/p>\n<p>&nbsp;<\/p>\n<p>&nbsp;<\/p>\n","protected":false},"excerpt":{"rendered":"<div class=\"tmnf_excerpt\"><p>Fulda\/Wiesbaden (brg) Mit ihrem Start beim Sommerturnier des TC Blau-Orange Wiesbaden melden sich Dirk und Annette Andr\u00e4 von den Tanz-Freunden Fulda nach l\u00e4ngerer krankheitsbedingter Pause nun im Turniergeschehen der Senioren II S-Klasse, der Bundesliga des Tanzsports, zur\u00fcck. Insbesondere mit ihrem ausdrucksstarken Langsamen Walzer ertanzte sich das sympathische Petersberger Turnierpaar die Teilnahme an der Endrunde und &hellip;<\/p>\n<\/div>","protected":false},"author":1,"featured_media":0,"comment_status":"closed","ping_status":"closed","sticky":false,"template":"","format":"standard","meta":{"footnotes":""},"categories":[1,46],"tags":[],"class_list":["post-126400","post","type-post","status-publish","format-standard","hentry","category-startseite","category-sport"],"_links":{"self":[{"href":"https:\/\/www.fuldaernachrichten.de\/index.php?rest_route=\/wp\/v2\/posts\/126400","targetHints":{"allow":["GET"]}}],"collection":[{"href":"https:\/\/www.fuldaernachrichten.de\/index.php?rest_route=\/wp\/v2\/posts"}],"about":[{"href":"https:\/\/www.fuldaernachrichten.de\/index.php?rest_route=\/wp\/v2\/types\/post"}],"author":[{"embeddable":true,"href":"https:\/\/www.fuldaernachrichten.de\/index.php?rest_route=\/wp\/v2\/users\/1"}],"replies":[{"embeddable":true,"href":"https:\/\/www.fuldaernachrichten.de\/index.php?rest_route=%2Fwp%2Fv2%2Fcomments&post=126400"}],"version-history":[{"count":1,"href":"https:\/\/www.fuldaernachrichten.de\/index.php?rest_route=\/wp\/v2\/posts\/126400\/revisions"}],"predecessor-version":[{"id":126403,"href":"https:\/\/www.fuldaernachrichten.de\/index.php?rest_route=\/wp\/v2\/posts\/126400\/revisions\/126403"}],"wp:attachment":[{"href":"https:\/\/www.fuldaernachrichten.de\/index.php?rest_route=%2Fwp%2Fv2%2Fmedia&parent=126400"}],"wp:term":[{"taxonomy":"category","embeddable":true,"href":"https:\/\/www.fuldaernachrichten.de\/index.php?rest_route=%2Fwp%2Fv2%2Fcategories&post=126400"},{"taxonomy":"post_tag","embeddable":true,"href":"https:\/\/www.fuldaernachrichten.de\/index.php?rest_route=%2Fwp%2Fv2%2Ftags&post=126400"}],"curies":[{"name":"wp","href":"https:\/\/api.w.org\/{rel}","templated":true}]}}