{"id":126362,"date":"2014-07-01T06:16:11","date_gmt":"2014-07-01T06:16:11","guid":{"rendered":"http:\/\/www.fuldaer-nachrichten.de\/?p=126362"},"modified":"2014-07-01T06:16:11","modified_gmt":"2014-07-01T06:16:11","slug":"caritas-ausstellung-im-rhoenenergie-haus-weit-weg-ist-naeher-als-du-denkst","status":"publish","type":"post","link":"https:\/\/www.fuldaernachrichten.de\/?p=126362","title":{"rendered":"Caritas-Ausstellung im Rh\u00f6nEnergie-Haus: \u201eWeit weg ist n\u00e4her, als du denkst\u201c"},"content":{"rendered":"<p><a href=\"http:\/\/www.fuldaer-nachrichten.de\/wp-content\/uploads\/2014\/07\/zu-49-cs_Caritashaus_Jahresplakat_0614_CS_IMG_3601.jpg\"><img decoding=\"async\" class=\"alignleft size-thumbnail wp-image-126363\" src=\"http:\/\/www.fuldaer-nachrichten.de\/wp-content\/uploads\/2014\/07\/zu-49-cs_Caritashaus_Jahresplakat_0614_CS_IMG_3601-265x176.jpg\" alt=\"zu 49-cs_Caritashaus_Jahresplakat_0614_CS_IMG_3601\" width=\"265\" height=\"176\" srcset=\"https:\/\/www.fuldaernachrichten.de\/wp-content\/uploads\/2014\/07\/zu-49-cs_Caritashaus_Jahresplakat_0614_CS_IMG_3601-265x176.jpg 265w, https:\/\/www.fuldaernachrichten.de\/wp-content\/uploads\/2014\/07\/zu-49-cs_Caritashaus_Jahresplakat_0614_CS_IMG_3601.jpg 600w\" sizes=\"(max-width: 265px) 100vw, 265px\" \/><\/a>Fulda (cif).Zur diesj\u00e4hrigen Jahreskampagne der Caritas \u201eWeit weg ist n\u00e4her, als du denkst\u201c, die sich mit den Folgen der globalisierten Welt auseinandersetzt, wird ab 3. Juli im Kundenzentrum der Rh\u00f6nEnergie in der Fuldaer Bahnhofstra\u00dfe bis zum 29. Juli eine Caritas-Ausstelllung gezeigt. Die Ausstellung ist kostenlos zu den Gesch\u00e4ftszeiten der Rh\u00f6nEnergie zug\u00e4nglich. Offiziell er\u00f6ffnet wird sie am kommenden Donnerstag, 3. Juli, um 18.00 Uhr mit einer Vernissage.<\/p>\n<p>Die verschiedenen Ausstellungsmodule thematisieren unterschiedliche Aspekte der Globalisierung und besch\u00e4ftigen sich zum Beispiel mit dem Konsumverhalten und warum es sinnvoll ist, auf faire Produktion zu achten. Auch der achtsame Umgang mit den Ressourcen wird thematisiert. Die Ausstellung zeigt, wie einfach es ist Energie zu sparen, und warum man das auch tun sollte. In der Ausstellung dreht es sich ferner um Rycycling und Upcycling \u2013 daf\u00fcr werden jeweils Beispiele gezeigt. Ein weiteres Thema ist Flucht und Arbeitsmigration: Was bewegt Menschen ihre Heimat zu verlassen, was braucht ein Mensch f\u00fcr ein lebenswertes Leben, und welche Gefahren nimmt er auf sich, dieses Leben zu verwirklichen?<!--more--><\/p>\n<p>Die Caritas will nicht nur die weltweiten Verkn\u00fcpfungen sichtbar machen. Sie bietet auch L\u00f6sungsans\u00e4tze, wie man mit kleinen Schritten aktiv zu einer besseren Welt beitragen kann. Und sie zeigt auch, was sie als Organisation selbst in diesem Sinne tut. Aktionstage wie ein \u201eCaf\u00e9 international\u201c mit Essen, Trinken und Begegnung am 10. Juli, Schul-Aktionstage mit Ausstellungsf\u00fchrungen und Upcycling zum Selber-machen vom 14. bis 16. Juli sowie einem Symposium zum Thema \u201eFl\u00fcchtlingshilfe\u201c am 28. Juli sorgen f\u00fcr besondere Akzente.<\/p>\n<p>Der Flyer mit allen Infos zur Ausstelllung und zu den Terminen ist f\u00fcr Interessierte bei der Caritas Fulda, <a href=\"mailto:oeffentlichkeitsarbeit@caritas-fulda.de\">oeffentlichkeitsarbeit@caritas-fulda.de<\/a> per Mail abrufbar.<\/p>\n","protected":false},"excerpt":{"rendered":"<div class=\"tmnf_excerpt\"><p>Fulda (cif).Zur diesj\u00e4hrigen Jahreskampagne der Caritas \u201eWeit weg ist n\u00e4her, als du denkst\u201c, die sich mit den Folgen der globalisierten Welt auseinandersetzt, wird ab 3. Juli im Kundenzentrum der Rh\u00f6nEnergie in der Fuldaer Bahnhofstra\u00dfe bis zum 29. Juli eine Caritas-Ausstelllung gezeigt. Die Ausstellung ist kostenlos zu den Gesch\u00e4ftszeiten der Rh\u00f6nEnergie zug\u00e4nglich. Offiziell er\u00f6ffnet wird sie &hellip;<\/p>\n<\/div>","protected":false},"author":1,"featured_media":0,"comment_status":"closed","ping_status":"closed","sticky":false,"template":"","format":"standard","meta":{"footnotes":""},"categories":[1,50],"tags":[],"class_list":["post-126362","post","type-post","status-publish","format-standard","hentry","category-startseite","category-kirche"],"_links":{"self":[{"href":"https:\/\/www.fuldaernachrichten.de\/index.php?rest_route=\/wp\/v2\/posts\/126362","targetHints":{"allow":["GET"]}}],"collection":[{"href":"https:\/\/www.fuldaernachrichten.de\/index.php?rest_route=\/wp\/v2\/posts"}],"about":[{"href":"https:\/\/www.fuldaernachrichten.de\/index.php?rest_route=\/wp\/v2\/types\/post"}],"author":[{"embeddable":true,"href":"https:\/\/www.fuldaernachrichten.de\/index.php?rest_route=\/wp\/v2\/users\/1"}],"replies":[{"embeddable":true,"href":"https:\/\/www.fuldaernachrichten.de\/index.php?rest_route=%2Fwp%2Fv2%2Fcomments&post=126362"}],"version-history":[{"count":1,"href":"https:\/\/www.fuldaernachrichten.de\/index.php?rest_route=\/wp\/v2\/posts\/126362\/revisions"}],"predecessor-version":[{"id":126364,"href":"https:\/\/www.fuldaernachrichten.de\/index.php?rest_route=\/wp\/v2\/posts\/126362\/revisions\/126364"}],"wp:attachment":[{"href":"https:\/\/www.fuldaernachrichten.de\/index.php?rest_route=%2Fwp%2Fv2%2Fmedia&parent=126362"}],"wp:term":[{"taxonomy":"category","embeddable":true,"href":"https:\/\/www.fuldaernachrichten.de\/index.php?rest_route=%2Fwp%2Fv2%2Fcategories&post=126362"},{"taxonomy":"post_tag","embeddable":true,"href":"https:\/\/www.fuldaernachrichten.de\/index.php?rest_route=%2Fwp%2Fv2%2Ftags&post=126362"}],"curies":[{"name":"wp","href":"https:\/\/api.w.org\/{rel}","templated":true}]}}