{"id":12636,"date":"2008-10-08T00:23:40","date_gmt":"2008-10-07T22:23:40","guid":{"rendered":"http:\/\/www.schoene-nachrichten.de\/?p=12636"},"modified":"2008-10-07T18:56:18","modified_gmt":"2008-10-07T16:56:18","slug":"buerger-sollen-mit-ob-ueber-stadtpolitik-diskutieren","status":"publish","type":"post","link":"https:\/\/www.fuldaernachrichten.de\/?p=12636","title":{"rendered":"B\u00fcrger sollen mit OB \u00fcber Stadtpolitik diskutieren"},"content":{"rendered":"<p><strong>Fulda. <\/strong> Am Freitag, 10. Oktober 2008 ab 18.00 Uhr wird Oberb\u00fcrgermeister Gerhard M\u00f6ller zum f\u00fcnften Mal in diesem Jahr im Rahmen der OK-Reihe \u201eDas Stadtgespr\u00e4ch\u201c vor der Kamera stehen. M\u00f6ller wird an diesem Freitagabend Moderator Volker Nies Rede und Antwort zu aktuellen stadtpolitischen Themen stehen, etwa der Betreuung von Kindern unter drei Jahren. Auch dieses Mal wieder besteht f\u00fcr die Zuschauer des Offenen Kanals die M\u00f6glichkeit, sich live in die Sendung einzuw\u00e4hlen (Ruf-Nr. 0661\/9013888) und Fragen an das Fuldaer Stadtoberhaupt zu stellen.<\/p>\n","protected":false},"excerpt":{"rendered":"<div class=\"tmnf_excerpt\"><p>Fulda. Am Freitag, 10. Oktober 2008 ab 18.00 Uhr wird Oberb\u00fcrgermeister Gerhard M\u00f6ller zum f\u00fcnften Mal in diesem Jahr im Rahmen der OK-Reihe \u201eDas Stadtgespr\u00e4ch\u201c vor der Kamera stehen. M\u00f6ller wird an diesem Freitagabend Moderator Volker Nies Rede und Antwort zu aktuellen stadtpolitischen Themen stehen, etwa der Betreuung von Kindern unter drei Jahren. Auch dieses &hellip;<\/p>\n<\/div>","protected":false},"author":1,"featured_media":0,"comment_status":"closed","ping_status":"closed","sticky":false,"template":"","format":"standard","meta":{"footnotes":""},"categories":[1,72,29],"tags":[],"class_list":["post-12636","post","type-post","status-publish","format-standard","hentry","category-startseite","category-jugend","category-politik"],"_links":{"self":[{"href":"https:\/\/www.fuldaernachrichten.de\/index.php?rest_route=\/wp\/v2\/posts\/12636","targetHints":{"allow":["GET"]}}],"collection":[{"href":"https:\/\/www.fuldaernachrichten.de\/index.php?rest_route=\/wp\/v2\/posts"}],"about":[{"href":"https:\/\/www.fuldaernachrichten.de\/index.php?rest_route=\/wp\/v2\/types\/post"}],"author":[{"embeddable":true,"href":"https:\/\/www.fuldaernachrichten.de\/index.php?rest_route=\/wp\/v2\/users\/1"}],"replies":[{"embeddable":true,"href":"https:\/\/www.fuldaernachrichten.de\/index.php?rest_route=%2Fwp%2Fv2%2Fcomments&post=12636"}],"version-history":[{"count":0,"href":"https:\/\/www.fuldaernachrichten.de\/index.php?rest_route=\/wp\/v2\/posts\/12636\/revisions"}],"wp:attachment":[{"href":"https:\/\/www.fuldaernachrichten.de\/index.php?rest_route=%2Fwp%2Fv2%2Fmedia&parent=12636"}],"wp:term":[{"taxonomy":"category","embeddable":true,"href":"https:\/\/www.fuldaernachrichten.de\/index.php?rest_route=%2Fwp%2Fv2%2Fcategories&post=12636"},{"taxonomy":"post_tag","embeddable":true,"href":"https:\/\/www.fuldaernachrichten.de\/index.php?rest_route=%2Fwp%2Fv2%2Ftags&post=12636"}],"curies":[{"name":"wp","href":"https:\/\/api.w.org\/{rel}","templated":true}]}}