{"id":126326,"date":"2014-07-01T05:51:27","date_gmt":"2014-07-01T05:51:27","guid":{"rendered":"http:\/\/www.fuldaer-nachrichten.de\/?p=126326"},"modified":"2014-07-01T05:51:27","modified_gmt":"2014-07-01T05:51:27","slug":"saengerfest-der-ulstertal-saengervereinigung-im-fulda-rhoen-saengerbund","status":"publish","type":"post","link":"https:\/\/www.fuldaernachrichten.de\/?p=126326","title":{"rendered":"S\u00e4ngerfest der Ulstertal-S\u00e4ngervereinigung im Fulda-Rh\u00f6n-S\u00e4ngerbund"},"content":{"rendered":"<p>Tann. Am Sonntag, 06.07.2014 findet um 14.00 Uhr das allj\u00e4hrliche S\u00e4ngerfest der Ulstertal-S\u00e4ngervereinigung in der Rh\u00f6nhalle Tann statt. Es wird in diesem Jahr vom Gesangverein 1888 Tann\/Rh\u00f6n e. V. ausgerichtet und im Rahmen einer Feierstunde der Verein f\u00fcr sein 125j\u00e4hriges Bestehen im Jahre 2013 vom Hessischen S\u00e4ngerbund geehrt. Der Gesangverein 1888 Tann \/ Rh\u00f6n besteht zur Zeit aus dem Kinderchor \u201eTANNER GOLDKEHLCHEN\u201c und dem Jugend- &amp; Frauenchor \u201eMAGIC VOICES\u201c. Man darf sich auf einen stimmungsvollen und abwechslungsreichen Nachmittag mit Liedbeitr\u00e4gen aller Ch\u00f6re der Ulstertal-S\u00e4ngervereinigung freuen. F\u00fcr das leibliche Wohl wird mit Leckerem vom Grill sowie hausgemachten Kuchen und Kaffee gesorgt sein.Der Eintritt ist frei.<\/p>\n","protected":false},"excerpt":{"rendered":"<div class=\"tmnf_excerpt\"><p>Tann. Am Sonntag, 06.07.2014 findet um 14.00 Uhr das allj\u00e4hrliche S\u00e4ngerfest der Ulstertal-S\u00e4ngervereinigung in der Rh\u00f6nhalle Tann statt. Es wird in diesem Jahr vom Gesangverein 1888 Tann\/Rh\u00f6n e. V. ausgerichtet und im Rahmen einer Feierstunde der Verein f\u00fcr sein 125j\u00e4hriges Bestehen im Jahre 2013 vom Hessischen S\u00e4ngerbund geehrt. Der Gesangverein 1888 Tann \/ Rh\u00f6n besteht &hellip;<\/p>\n<\/div>","protected":false},"author":1,"featured_media":0,"comment_status":"closed","ping_status":"closed","sticky":false,"template":"","format":"standard","meta":{"footnotes":""},"categories":[1,44],"tags":[],"class_list":["post-126326","post","type-post","status-publish","format-standard","hentry","category-startseite","category-kultur"],"_links":{"self":[{"href":"https:\/\/www.fuldaernachrichten.de\/index.php?rest_route=\/wp\/v2\/posts\/126326","targetHints":{"allow":["GET"]}}],"collection":[{"href":"https:\/\/www.fuldaernachrichten.de\/index.php?rest_route=\/wp\/v2\/posts"}],"about":[{"href":"https:\/\/www.fuldaernachrichten.de\/index.php?rest_route=\/wp\/v2\/types\/post"}],"author":[{"embeddable":true,"href":"https:\/\/www.fuldaernachrichten.de\/index.php?rest_route=\/wp\/v2\/users\/1"}],"replies":[{"embeddable":true,"href":"https:\/\/www.fuldaernachrichten.de\/index.php?rest_route=%2Fwp%2Fv2%2Fcomments&post=126326"}],"version-history":[{"count":1,"href":"https:\/\/www.fuldaernachrichten.de\/index.php?rest_route=\/wp\/v2\/posts\/126326\/revisions"}],"predecessor-version":[{"id":126327,"href":"https:\/\/www.fuldaernachrichten.de\/index.php?rest_route=\/wp\/v2\/posts\/126326\/revisions\/126327"}],"wp:attachment":[{"href":"https:\/\/www.fuldaernachrichten.de\/index.php?rest_route=%2Fwp%2Fv2%2Fmedia&parent=126326"}],"wp:term":[{"taxonomy":"category","embeddable":true,"href":"https:\/\/www.fuldaernachrichten.de\/index.php?rest_route=%2Fwp%2Fv2%2Fcategories&post=126326"},{"taxonomy":"post_tag","embeddable":true,"href":"https:\/\/www.fuldaernachrichten.de\/index.php?rest_route=%2Fwp%2Fv2%2Ftags&post=126326"}],"curies":[{"name":"wp","href":"https:\/\/api.w.org\/{rel}","templated":true}]}}