{"id":126318,"date":"2014-07-01T05:47:45","date_gmt":"2014-07-01T05:47:45","guid":{"rendered":"http:\/\/www.fuldaer-nachrichten.de\/?p=126318"},"modified":"2014-07-01T05:47:45","modified_gmt":"2014-07-01T05:47:45","slug":"mitglieder-europaeischer-koenigshaeuser-zeigen-ihre-beste-seite","status":"publish","type":"post","link":"https:\/\/www.fuldaernachrichten.de\/?p=126318","title":{"rendered":"Mitglieder europ\u00e4ischer K\u00f6nigsh\u00e4user zeigen ihre beste Seite"},"content":{"rendered":"<div id=\"attachment_126319\" style=\"width: 157px\" class=\"wp-caption alignleft\"><a href=\"http:\/\/www.fuldaer-nachrichten.de\/wp-content\/uploads\/2014\/07\/140701_Ausstellung.jpg\"><img decoding=\"async\" aria-describedby=\"caption-attachment-126319\" class=\"size-full wp-image-126319\" src=\"http:\/\/www.fuldaer-nachrichten.de\/wp-content\/uploads\/2014\/07\/140701_Ausstellung.jpg\" alt=\"Portr\u00e4t der Kronprinzessin Victoria, gemalt von Heinrich von Angeli im Jahr 1875; \u00c2\u00a9 Kulturstiftung des Hauses Hessen Schloss Fasanerie\" width=\"147\" height=\"194\" \/><\/a><p id=\"caption-attachment-126319\" class=\"wp-caption-text\">Portr\u00e4t der Kronprinzessin Victoria, gemalt von Heinrich von Angeli im Jahr 1875; \u00c2\u00a9 Kulturstiftung des Hauses Hessen Schloss Fasanerie<\/p><\/div>\n<p>Eichenzell. \u201eEs ist sehr \u00e4hnlich aber auch sehr vorteilhaft &#8230; und wunderbar gemalt\u201c, lobte die preu\u00dfische Kronprinzessin Victoria im Jahr 1875 das Portr\u00e4t, das Heinrich von Angeli von ihr gemalt hatte. Darin spiegelt sich die Erwartung der Auftraggeberin, aber auch die besondere Kunstfertigkeit, welche die sogenannten \u201eF\u00fcrstenmaler\u201c seinerzeit ber\u00fchmt gemacht hatte: Die Harmonisierung der Gesichtsz\u00fcge und eine Idealisierung der portr\u00e4tierten Person.<!--more--><\/p>\n<p>Die vier bekanntesten \u201eF\u00fcrstenmaler\u201c werden jetzt in einer Sonderausstellung vom 28. Juni bis 2. November auf Schloss Fasanerie vorgestellt: Franz Xaver Winterhalter (1805\u20131873), Franz von Lenbach (1836\u20131904), Heinrich von Angeli (1840\u20131925) und Friedrich August von Kaulbach (1850-1920). Sie geh\u00f6rten zu jenen Malern des 19. Jahrhunderts, die sich darauf spezialisiert hatten, Bildnisse von Pers\u00f6nlichkeiten der gehobenen Gesellschaftsschicht aus Adel, Politik und reichem B\u00fcrgertum zu schaffen.<\/p>\n<p>Vierzig originale Werke dieser bedeutenden K\u00fcnstler sind in der Ausstellung \u201eMeisterhafte Portr\u00e4ts der F\u00fcrstenmaler im 19. Jahrhundert\u201c bis Anfang November zu sehen. Viele davon stammen aus privaten R\u00e4umen der hessischen Familie und werden im Badehaus des Barockschlosses zum ersten Mal der \u00d6ffentlichkeit pr\u00e4sentiert.<\/p>\n<p>Im Gegensatz zu den fr\u00fcheren Meistern waren die F\u00fcrstenmaler ab Mitte des 19. Jahrhunderts nicht mehr an einen bestimmten Hof gebunden, sondern reisten auf Empfehlung ihrer Auftraggeber durch ganz Europa. In den Schl\u00f6ssern der F\u00fcrstenh\u00e4user genossen sie auch pers\u00f6nlich hohes Ansehen. So malten sie nicht nur, sondern nahmen auch am Hofleben teil und erteilten den Damen Unterricht im Zeichnen und Malen. F\u00fcr Ihre Kunden und Modelle schufen sie einerseits klassische Staatsbildnisse nach dem Vorbild franz\u00f6sischer barocker Portr\u00e4tkunst, bei dem die Individualit\u00e4t hinter einer zur Schau gestellten Amtsw\u00fcrde zur\u00fccktritt. Andererseits entstanden auch sehr private Bildnisse, individuelle Charakterstudien, in denen realistische Ans\u00e4tze erkennbar sind. Auch Donatus Landgraf von Hessen ist begeistert von den Portr\u00e4ts dieser Maler: \u201eMich fasziniert bei der Betrachtung dieser Gem\u00e4lde immer wieder, wie pr\u00e4sent die Dargestellten vergangener Jahrhunderte heute noch auf uns wirken!\u201c<\/p>\n<p>F\u00fcr die Vorbereitung ihrer Gem\u00e4lde und zum Studium der Physiognomie ihrer Modelle bedienten sich die F\u00fcrstenmaler etwa ab 1860 auch der Fotografie als neuem technischem Hilfsmittel. Die Ausstellung zeigt Skizzen und Beispiele, wie die Portr\u00e4tisten diese Fototechnik einsetzten und dann behutsam die Realit\u00e4t korrigierten, um ihr Modell wirklichkeitsnah und gleichzeitig vorteilhaft abbilden zu k\u00f6nnen. Anhand von Kopien, Reproduktionsgraphiken und Miniaturen, die nach den Gem\u00e4lden der F\u00fcrstenmaler angefertigt wurden, verdeutlicht die Ausstellung ebenfalls, dass damals nicht die Fotografien der bedeutenden Herrschaften reproduziert wurden; es waren vielmehr die Bildnisse der F\u00fcrstenmaler, die der Allgemeinheit eine Vorstellung vom Aussehen der M\u00e4chtigen gaben.<\/p>\n<p>Obwohl zu Lebzeiten hochgesch\u00e4tzt und gut bezahlt, gerieten die F\u00fcrstenmaler im 20. Jahrhundert schon in Vergessenheit. Erst seit einigen Jahren finden ihre Gem\u00e4lde wieder den Weg aus den Depots der Museen zur\u00fcck in die Galerien. F\u00fcr wichtige Gem\u00e4lde dieser K\u00fcnstler wurden auf dem internationalen Auktionsmarkt inzwischen H\u00f6chstpreise erzielt. Das Haus Hessen bewahrt in seinen betr\u00e4chtlichen Kunstsammlungen zahlreiche hervorragende Originale dieser Portr\u00e4tisten. Gezeigt werden Bildnisse hessischer Prinzen und Prinzessinnen sowie \u2013 dank der verwandtschaftlichen Beziehungen des F\u00fcrstenhauses \u2013 gro\u00dfartige Portr\u00e4ts von Mitgliedern der preu\u00dfischen, englischen und italienischen K\u00f6nigsh\u00e4user.<\/p>\n<p>Zur Ausstellung erscheint ein reich bebilderter Katalog, der f\u00fcr 9,80\u00c2\u00a0Euro im Museum sowie \u00fcber die Homepage www.schloss-fasanerie.de erh\u00e4ltlich ist.<\/p>\n<p>\u00d6ffnungszeiten: 28.06. bis 02.11.2014, Dienstag bis Sonntag 11 bis 17 Uhr<br \/>\nAusstellungsbesuch: 4,50 Euro pro Person \/ Sch\u00fcler\/Studenten 3,00 Euro<br \/>\nGruppenf\u00fchrungen (auf Anfrage): pauschal 100\u00c2\u00a0Euro pro G\u00e4stef\u00fchrer, max. 20 Personen je Gruppe<\/p>\n","protected":false},"excerpt":{"rendered":"<div class=\"tmnf_excerpt\"><p>Eichenzell. \u201eEs ist sehr \u00e4hnlich aber auch sehr vorteilhaft &#8230; und wunderbar gemalt\u201c, lobte die preu\u00dfische Kronprinzessin Victoria im Jahr 1875 das Portr\u00e4t, das Heinrich von Angeli von ihr gemalt hatte. Darin spiegelt sich die Erwartung der Auftraggeberin, aber auch die besondere Kunstfertigkeit, welche die sogenannten \u201eF\u00fcrstenmaler\u201c seinerzeit ber\u00fchmt gemacht hatte: Die Harmonisierung der Gesichtsz\u00fcge &hellip;<\/p>\n<\/div>","protected":false},"author":1,"featured_media":0,"comment_status":"closed","ping_status":"closed","sticky":false,"template":"","format":"standard","meta":{"footnotes":""},"categories":[1,44],"tags":[],"class_list":["post-126318","post","type-post","status-publish","format-standard","hentry","category-startseite","category-kultur"],"_links":{"self":[{"href":"https:\/\/www.fuldaernachrichten.de\/index.php?rest_route=\/wp\/v2\/posts\/126318","targetHints":{"allow":["GET"]}}],"collection":[{"href":"https:\/\/www.fuldaernachrichten.de\/index.php?rest_route=\/wp\/v2\/posts"}],"about":[{"href":"https:\/\/www.fuldaernachrichten.de\/index.php?rest_route=\/wp\/v2\/types\/post"}],"author":[{"embeddable":true,"href":"https:\/\/www.fuldaernachrichten.de\/index.php?rest_route=\/wp\/v2\/users\/1"}],"replies":[{"embeddable":true,"href":"https:\/\/www.fuldaernachrichten.de\/index.php?rest_route=%2Fwp%2Fv2%2Fcomments&post=126318"}],"version-history":[{"count":1,"href":"https:\/\/www.fuldaernachrichten.de\/index.php?rest_route=\/wp\/v2\/posts\/126318\/revisions"}],"predecessor-version":[{"id":126320,"href":"https:\/\/www.fuldaernachrichten.de\/index.php?rest_route=\/wp\/v2\/posts\/126318\/revisions\/126320"}],"wp:attachment":[{"href":"https:\/\/www.fuldaernachrichten.de\/index.php?rest_route=%2Fwp%2Fv2%2Fmedia&parent=126318"}],"wp:term":[{"taxonomy":"category","embeddable":true,"href":"https:\/\/www.fuldaernachrichten.de\/index.php?rest_route=%2Fwp%2Fv2%2Fcategories&post=126318"},{"taxonomy":"post_tag","embeddable":true,"href":"https:\/\/www.fuldaernachrichten.de\/index.php?rest_route=%2Fwp%2Fv2%2Ftags&post=126318"}],"curies":[{"name":"wp","href":"https:\/\/api.w.org\/{rel}","templated":true}]}}