{"id":126273,"date":"2014-06-30T00:10:02","date_gmt":"2014-06-30T00:10:02","guid":{"rendered":"http:\/\/www.fuldaer-nachrichten.de\/?p=126273"},"modified":"2014-06-29T14:02:21","modified_gmt":"2014-06-29T14:02:21","slug":"gefuehrte-wanderung-der-volkssportfreunde-fulda-am-05-07-2014-in-eisenach","status":"publish","type":"post","link":"https:\/\/www.fuldaernachrichten.de\/?p=126273","title":{"rendered":"Gef\u00fchrte Wanderung der Volkssportfreunde Fulda am 05.07.2014 in Eisenach"},"content":{"rendered":"<p>Eusenach\/Fulda. Die Volkssportfreunde Fulda 1986 e.V. laden zu der gef\u00fchrten Wanderung &#8220;Landgrafenschlucht und Elfengrotte&#8221; am 05.07.2014 bei Eisenach ein. Die Streckenl\u00e4nge betr\u00e4gt 12 km, der Treffpunkt ist um 10:00 Uhr in der Stra\u00dfe Mariental, an der \u00fcberdachten, runden Bank am hinteren Prinzenteich-Ufer in 99817 Eisenach. Nach der Wanderung, die voraussichtlich ca. 2,5 Stunden dauert, gibt es die M\u00f6glichkeit zur Einkehr. Die Teilnahme von Nicht-Mitgliedern ist ausdr\u00fccklich gew\u00fcnscht.<!--more--><\/p>\n<p>Weitere gef\u00fchrte Wanderungen gibt es am 02. August durch die Fuldaauen und am 22. November rund um Schlo\u00df Fasanerie. Au\u00dferdem sei schon jetzt auf den &#8220;20. Zivil-Milit\u00e4rischen Zwei Tage-Marsch, 35. Internationale Volkswandertage mit Nordic Walking&#8221; vom 03.10. bis 05.10.2014 in Fulda hingewiesen. Auch hierzu sind Wanderer, Marschierer, Jogger und Nordic Walker herzlich eingeladen.<\/p>\n<p>Die Veranstaltung wird f\u00fcr das Internationale Volkssportabzeichen (IVV, www.ivv-web.org) gewertet. Weitere Informationen und Anmeldung: Volkssportfreunde Fulda 1986 e.V., Rich.- Wagner Str. 54, 36043 Fulda, Tel. 0661 9338878 ab 18:00 Uhr, Email: info@fulda-marsch.de. Eine Anmeldung ist erw\u00fcnscht, aber nicht zwingend erforderlich.<\/p>\n","protected":false},"excerpt":{"rendered":"<div class=\"tmnf_excerpt\"><p>Eusenach\/Fulda. Die Volkssportfreunde Fulda 1986 e.V. laden zu der gef\u00fchrten Wanderung &#8220;Landgrafenschlucht und Elfengrotte&#8221; am 05.07.2014 bei Eisenach ein. Die Streckenl\u00e4nge betr\u00e4gt 12 km, der Treffpunkt ist um 10:00 Uhr in der Stra\u00dfe Mariental, an der \u00fcberdachten, runden Bank am hinteren Prinzenteich-Ufer in 99817 Eisenach. Nach der Wanderung, die voraussichtlich ca. 2,5 Stunden dauert, gibt &hellip;<\/p>\n<\/div>","protected":false},"author":1,"featured_media":0,"comment_status":"closed","ping_status":"closed","sticky":false,"template":"","format":"standard","meta":{"footnotes":""},"categories":[1,46],"tags":[],"class_list":["post-126273","post","type-post","status-publish","format-standard","hentry","category-startseite","category-sport"],"_links":{"self":[{"href":"https:\/\/www.fuldaernachrichten.de\/index.php?rest_route=\/wp\/v2\/posts\/126273","targetHints":{"allow":["GET"]}}],"collection":[{"href":"https:\/\/www.fuldaernachrichten.de\/index.php?rest_route=\/wp\/v2\/posts"}],"about":[{"href":"https:\/\/www.fuldaernachrichten.de\/index.php?rest_route=\/wp\/v2\/types\/post"}],"author":[{"embeddable":true,"href":"https:\/\/www.fuldaernachrichten.de\/index.php?rest_route=\/wp\/v2\/users\/1"}],"replies":[{"embeddable":true,"href":"https:\/\/www.fuldaernachrichten.de\/index.php?rest_route=%2Fwp%2Fv2%2Fcomments&post=126273"}],"version-history":[{"count":1,"href":"https:\/\/www.fuldaernachrichten.de\/index.php?rest_route=\/wp\/v2\/posts\/126273\/revisions"}],"predecessor-version":[{"id":126274,"href":"https:\/\/www.fuldaernachrichten.de\/index.php?rest_route=\/wp\/v2\/posts\/126273\/revisions\/126274"}],"wp:attachment":[{"href":"https:\/\/www.fuldaernachrichten.de\/index.php?rest_route=%2Fwp%2Fv2%2Fmedia&parent=126273"}],"wp:term":[{"taxonomy":"category","embeddable":true,"href":"https:\/\/www.fuldaernachrichten.de\/index.php?rest_route=%2Fwp%2Fv2%2Fcategories&post=126273"},{"taxonomy":"post_tag","embeddable":true,"href":"https:\/\/www.fuldaernachrichten.de\/index.php?rest_route=%2Fwp%2Fv2%2Ftags&post=126273"}],"curies":[{"name":"wp","href":"https:\/\/api.w.org\/{rel}","templated":true}]}}