{"id":12623,"date":"2008-10-08T00:34:53","date_gmt":"2008-10-07T22:34:53","guid":{"rendered":"http:\/\/www.schoene-nachrichten.de\/?p=12623"},"modified":"2008-10-07T19:00:13","modified_gmt":"2008-10-07T17:00:13","slug":"20-000-euro-fuer-einsatzleit-fahrzeug-der-feuerwehr-in-grossenlueder","status":"publish","type":"post","link":"https:\/\/www.fuldaernachrichten.de\/?p=12623","title":{"rendered":"20 000 Euro f\u00fcr Einsatzleit-Fahrzeug der Feuerwehr in Gro\u00dfenl\u00fcder"},"content":{"rendered":"<p><a rel=\"lightbox[roadtrip]\" href=\"http:\/\/www.schoene-nachrichten.de\/wp-content\/uploads\/2008\/10\/081007-bouffier.jpg\" target=\"_blank\"><img decoding=\"async\" class=\"alignnone size-thumbnail wp-image-12624\" title=\"081007-bouffier\" src=\"http:\/\/www.schoene-nachrichten.de\/wp-content\/uploads\/2008\/10\/081007-bouffier-128x85.jpg\" alt=\"\" hspace=\"5\" width=\"128\" height=\"85\" align=\"left\" srcset=\"https:\/\/www.fuldaernachrichten.de\/wp-content\/uploads\/2008\/10\/081007-bouffier-128x85.jpg 128w, https:\/\/www.fuldaernachrichten.de\/wp-content\/uploads\/2008\/10\/081007-bouffier.jpg 600w\" sizes=\"(max-width: 128px) 100vw, 128px\" \/><\/a><strong>Gro\u00dfenl\u00fcder.<\/strong> Eine ganz besondere Botschaft \u00fcberbrachte Hessens Innenminister Volker Bouffier der B\u00fcrgermeister-Kandidatin Ulla-Britta Becker und damit auch den anwesenden G\u00e4sten im Stiftskapitularischen Amtshaus in Gro\u00dfenl\u00fcder: \u201eDer Antrag auf Bezuschussung des Einsatzleit-Fahrzeuges der Feuerwehr Gro\u00dfenl\u00fcder ist \u00fcber meinen Schreibtisch gegangen. Das Land gew\u00e4hrt eine Finanzspritze von 40 Prozent. \u201c Eine erfreuliche Nachricht, immerhin handelt es sich um einen Betrag von rund 20 000 Euro. Dementsprechend gut war auch die Stimmung  dieser kommunalpolitischen Veranstaltung zum Thema \u201eVereine &amp; Ehrenamt\u201c.<!--more--><\/p>\n<p><strong>Vere<\/strong><strong>ine und Eheren\u00e4mter lebenswichtig f\u00fcr die Gemeinschaft<\/strong><\/p>\n<p>Der Forderung des Landespolitikers, die Strukturen der Vereine zu erhalten und dem Ehrenamt auch weiterhin einen hohen Stellenwert beizumessen, konnte die B\u00fcrgermeister-Kandidatin nur zustimmen. Gerade die Feuerwehren seien lebenswichtig, hier m\u00fcsse das Engagement verst\u00e4rkt in die Nachwuchssuche gesetzt werden. Anregung dazu von Ulla-Britta Becker: \u201eKinder sollten bereits in den schulischen Projektwochen mit der Feuerwehr vertraut gemacht werden \u2013 hier k\u00f6nnte m\u00f6glicherweise auch eine finanzielle Unterst\u00fctzung vom Land Hessen ansetzen.\u201c<\/p>\n<p>\u201eEin lebens- und liebenswertes Gro\u00dfenl\u00fcder wird insbesondere durch die Vereine gepr\u00e4gt.\u201c Daher regte Ulla-Britta Becker an, einmal j\u00e4hrlich eine Vereinskonferenz ins Leben zu rufen, um dort die W\u00fcnsche und Bed\u00fcrfnisse der Einzelnen zu erfahren. Auch sollte im Rahmen eines Empfangs der Gemeinde, einmal im Jahr die Arbeit der Ehrenamtlichen \u00f6ffentlich gew\u00fcrdigt werden. \u201eEines ist sicher: Die Vereine sind der Kit, der die \u00f6rtliche Gemeinschaft zusammenh\u00e4lt, der Leben in die Gemeinde bringt.\u201c<\/p>\n<p>Dar\u00fcber hinaus denke sie \u00fcber eine besondere Auszeichnung nach, die allen zugute kommen sollte, die sich f\u00fcr das Gemeinwohl einsetzen. Der zunehmenden Sorge der Anwesenden, dass gerade die kleineren Musikvereine um ihren Fortbestand zu k\u00e4mpfen h\u00e4tten, setzte die B\u00fcrgermeister-Kandidatin eine weitere Idee entgegen: \u201eMit der Schaffung einer Sommerkonzert-Reihe k\u00f6nnten die  Vereine ihre Bekanntheit steigern, ein finanzielles Plus erzielen und gleichzeitig insgesamt die Gemeinde in den Blickpunkt r\u00fccken.\u201c<br \/>\nwww.ullabecker.de<\/p>\n<p><span style=\"text-decoration: underline;\">Bild:<\/span> Der Besuch hat sich gelohnt: Volker Bouffier sagt Finanzspritze f\u00fcr das Einsatzleitfahrzeug der Feuerwehr Gro\u00dfenl\u00fcder zu.<\/p>\n","protected":false},"excerpt":{"rendered":"<div class=\"tmnf_excerpt\"><p>Gro\u00dfenl\u00fcder. Eine ganz besondere Botschaft \u00fcberbrachte Hessens Innenminister Volker Bouffier der B\u00fcrgermeister-Kandidatin Ulla-Britta Becker und damit auch den anwesenden G\u00e4sten im Stiftskapitularischen Amtshaus in Gro\u00dfenl\u00fcder: \u201eDer Antrag auf Bezuschussung des Einsatzleit-Fahrzeuges der Feuerwehr Gro\u00dfenl\u00fcder ist \u00fcber meinen Schreibtisch gegangen. Das Land gew\u00e4hrt eine Finanzspritze von 40 Prozent. \u201c Eine erfreuliche Nachricht, immerhin handelt es sich &hellip;<\/p>\n<\/div>","protected":false},"author":1,"featured_media":0,"comment_status":"closed","ping_status":"closed","sticky":false,"template":"","format":"standard","meta":{"footnotes":""},"categories":[1,71,72,29],"tags":[],"class_list":["post-12623","post","type-post","status-publish","format-standard","hentry","category-startseite","category-feuerwehr","category-jugend","category-politik"],"_links":{"self":[{"href":"https:\/\/www.fuldaernachrichten.de\/index.php?rest_route=\/wp\/v2\/posts\/12623","targetHints":{"allow":["GET"]}}],"collection":[{"href":"https:\/\/www.fuldaernachrichten.de\/index.php?rest_route=\/wp\/v2\/posts"}],"about":[{"href":"https:\/\/www.fuldaernachrichten.de\/index.php?rest_route=\/wp\/v2\/types\/post"}],"author":[{"embeddable":true,"href":"https:\/\/www.fuldaernachrichten.de\/index.php?rest_route=\/wp\/v2\/users\/1"}],"replies":[{"embeddable":true,"href":"https:\/\/www.fuldaernachrichten.de\/index.php?rest_route=%2Fwp%2Fv2%2Fcomments&post=12623"}],"version-history":[{"count":0,"href":"https:\/\/www.fuldaernachrichten.de\/index.php?rest_route=\/wp\/v2\/posts\/12623\/revisions"}],"wp:attachment":[{"href":"https:\/\/www.fuldaernachrichten.de\/index.php?rest_route=%2Fwp%2Fv2%2Fmedia&parent=12623"}],"wp:term":[{"taxonomy":"category","embeddable":true,"href":"https:\/\/www.fuldaernachrichten.de\/index.php?rest_route=%2Fwp%2Fv2%2Fcategories&post=12623"},{"taxonomy":"post_tag","embeddable":true,"href":"https:\/\/www.fuldaernachrichten.de\/index.php?rest_route=%2Fwp%2Fv2%2Ftags&post=12623"}],"curies":[{"name":"wp","href":"https:\/\/api.w.org\/{rel}","templated":true}]}}