{"id":12574,"date":"2008-10-07T00:51:48","date_gmt":"2008-10-06T22:51:48","guid":{"rendered":"http:\/\/www.schoene-nachrichten.de\/?p=12574"},"modified":"2008-10-06T18:01:12","modified_gmt":"2008-10-06T16:01:12","slug":"tag-der-offenen-hoftuer-am-12-oktober","status":"publish","type":"post","link":"https:\/\/www.fuldaernachrichten.de\/?p=12574","title":{"rendered":"Tag der offenen Hoft\u00fcr am 12. Oktober"},"content":{"rendered":"<p><a rel=\"lightbox[roadtrip]\" href=\"http:\/\/www.schoene-nachrichten.de\/wp-content\/uploads\/2008\/10\/081006-tegut.jpg\" target=\"_blank\"><img decoding=\"async\" class=\"alignnone size-medium wp-image-12575\" title=\"081006-tegut\" src=\"http:\/\/www.schoene-nachrichten.de\/wp-content\/uploads\/2008\/10\/081006-tegut-92x128.jpg\" alt=\"\" hspace=\"5\" width=\"92\" height=\"128\" align=\"left\" srcset=\"https:\/\/www.fuldaernachrichten.de\/wp-content\/uploads\/2008\/10\/081006-tegut-92x128.jpg 92w, https:\/\/www.fuldaernachrichten.de\/wp-content\/uploads\/2008\/10\/081006-tegut.jpg 433w\" sizes=\"(max-width: 92px) 100vw, 92px\" \/><\/a><strong>Fulda.<\/strong> Woher bekommen die Bio-Bauern das Futter f\u00fcr ihre Tiere? Wie werden die Tiere auf einem Bio-Hof gehalten? Wer diese Fragen beantwortet haben m\u00f6chte, sollte sich am besten selbst ein Bild von der kontrolliert biologischen Landwirtschaft machen. Um dies zu erm\u00f6glichen, laden folgende Bio-Bauern, die tegut&#8230; gute Lebensmittel mit Bio-Fleisch beliefern, zum \u201eTag der offenen Hoft\u00fcr\u201c, am Sonntag, 12. Oktober 2008, von 11 bis ca. 17 Uhr, ein.<!--more-->In <span style=\"text-decoration: underline;\">Nordhessen<\/span> <strong>Baunataler Diakonie Kassel e.V.<\/strong>, Hofgut Hofgeismar, Sch\u00fctzenplatz 2, 34369 Hofgeismar, Peter Emmerich, Tel. 0151-18250503<br \/>\nIn der <span style=\"text-decoration: underline;\">Rh\u00f6n<\/span> <strong>Rh\u00f6nsch\u00e4fer Dietmar Weckbach<\/strong>, 36115 Ehrenberg-W\u00fcstensachsen, von W\u00fcstensachsen kommend Richtung Oberelsbach-Weiherhof ca. 1,5 km links dem Schild \u201eSch\u00e4ferei\u201c folgen, Tel. 0171-6989286<br \/>\nIn <span style=\"text-decoration: underline;\">Th\u00fcringen<\/span> die <strong>Agrar GmbH Crawinkel<\/strong>, Gosseler Stra\u00dfe 25, 99330 Crawinkel, Betriebsleiter Heinz Bley, Tel. 03624-314914 oder 0171-3257755, sowie <a href=\"http:\/\/www.mit-bley-dabei.d\" target=\"_blank\">www.mit-bley-dabei.d<\/a>e im Internet<br \/>\nIn <span style=\"text-decoration: underline;\">Franken<\/span> <strong>Naturland Bio-Hof Dietmar und Klara May<\/strong>, W\u00fclfersh\u00e4user Stra\u00dfe 8, 97618 Hollstadt-Junkershausen, Tel. 09762-6218 oder -457.<br \/>\nNutzen Sie die Chance und erleben Sie Bio direkt auf einem Bio-Bauernhof! Weitere Informationen finden Sie unter <a href=\"http:\/\/www.tegut.com\" target=\"_blank\">www.tegut.com<\/a> im Internet.<\/p>\n","protected":false},"excerpt":{"rendered":"<div class=\"tmnf_excerpt\"><p>Fulda. Woher bekommen die Bio-Bauern das Futter f\u00fcr ihre Tiere? Wie werden die Tiere auf einem Bio-Hof gehalten? Wer diese Fragen beantwortet haben m\u00f6chte, sollte sich am besten selbst ein Bild von der kontrolliert biologischen Landwirtschaft machen. Um dies zu erm\u00f6glichen, laden folgende Bio-Bauern, die tegut&#8230; gute Lebensmittel mit Bio-Fleisch beliefern, zum \u201eTag der offenen &hellip;<\/p>\n<\/div>","protected":false},"author":1,"featured_media":0,"comment_status":"closed","ping_status":"closed","sticky":false,"template":"","format":"standard","meta":{"footnotes":""},"categories":[1,37],"tags":[],"class_list":["post-12574","post","type-post","status-publish","format-standard","hentry","category-startseite","category-essen-und-trinken"],"_links":{"self":[{"href":"https:\/\/www.fuldaernachrichten.de\/index.php?rest_route=\/wp\/v2\/posts\/12574","targetHints":{"allow":["GET"]}}],"collection":[{"href":"https:\/\/www.fuldaernachrichten.de\/index.php?rest_route=\/wp\/v2\/posts"}],"about":[{"href":"https:\/\/www.fuldaernachrichten.de\/index.php?rest_route=\/wp\/v2\/types\/post"}],"author":[{"embeddable":true,"href":"https:\/\/www.fuldaernachrichten.de\/index.php?rest_route=\/wp\/v2\/users\/1"}],"replies":[{"embeddable":true,"href":"https:\/\/www.fuldaernachrichten.de\/index.php?rest_route=%2Fwp%2Fv2%2Fcomments&post=12574"}],"version-history":[{"count":0,"href":"https:\/\/www.fuldaernachrichten.de\/index.php?rest_route=\/wp\/v2\/posts\/12574\/revisions"}],"wp:attachment":[{"href":"https:\/\/www.fuldaernachrichten.de\/index.php?rest_route=%2Fwp%2Fv2%2Fmedia&parent=12574"}],"wp:term":[{"taxonomy":"category","embeddable":true,"href":"https:\/\/www.fuldaernachrichten.de\/index.php?rest_route=%2Fwp%2Fv2%2Fcategories&post=12574"},{"taxonomy":"post_tag","embeddable":true,"href":"https:\/\/www.fuldaernachrichten.de\/index.php?rest_route=%2Fwp%2Fv2%2Ftags&post=12574"}],"curies":[{"name":"wp","href":"https:\/\/api.w.org\/{rel}","templated":true}]}}