{"id":125446,"date":"2014-06-20T07:46:08","date_gmt":"2014-06-20T07:46:08","guid":{"rendered":"http:\/\/www.fuldaer-nachrichten.de\/?p=125446"},"modified":"2014-06-20T07:46:08","modified_gmt":"2014-06-20T07:46:08","slug":"hochschulprojekt-eye-tracking-von-tegut-und-der-dualen-hochschule-baden-wuerttemberg-erfolgreich-abgeschlossen","status":"publish","type":"post","link":"https:\/\/www.fuldaernachrichten.de\/?p=125446","title":{"rendered":"Hochschulprojekt Eye Tracking von tegut\u00e2\u20ac\u00a6 und der Dualen Hochschule Baden-W\u00fcrttemberg erfolgreich abgeschlossen"},"content":{"rendered":"<p><a href=\"http:\/\/www.fuldaer-nachrichten.de\/wp-content\/uploads\/2014\/06\/tegut...-Wiesbaden-RIWA-Nachhaltigkeit-1.jpg\"><img decoding=\"async\" class=\"alignleft size-thumbnail wp-image-125447\" src=\"http:\/\/www.fuldaer-nachrichten.de\/wp-content\/uploads\/2014\/06\/tegut...-Wiesbaden-RIWA-Nachhaltigkeit-1-265x176.jpg\" alt=\"tegut... Wiesbaden RIWA Nachhaltigkeit 1\" width=\"265\" height=\"176\" srcset=\"https:\/\/www.fuldaernachrichten.de\/wp-content\/uploads\/2014\/06\/tegut...-Wiesbaden-RIWA-Nachhaltigkeit-1-265x176.jpg 265w, https:\/\/www.fuldaernachrichten.de\/wp-content\/uploads\/2014\/06\/tegut...-Wiesbaden-RIWA-Nachhaltigkeit-1.jpg 600w\" sizes=\"(max-width: 265px) 100vw, 265px\" \/><\/a>Fulda. Am 23. Mai war es soweit: die Studenten der Dualen Hochschule Baden-W\u00fcrttemberg pr\u00e4sentierten in Mannheim ihre Ergebnisse der gemeinsamen Blickaufzeichnungsstudie. \u201eWir freuen uns, dass wir den Studenten die M\u00f6glichkeit geben konnten, in Wiesbaden die theoretischen Kenntnisse in die Tat umzusetzen. Denn nur so ist Entwicklung und Wachsen an Herausforderungen m\u00f6glich\u201c, l\u00e4sst uns Thomas Gutberlet, tegut\u00e2\u20ac\u00a6 Gesch\u00e4ftsf\u00fchrer wissen. \u201eF\u00fcr unsere studentische Projektgruppe im Studiengang Dienstleistungsmanagement, war es enorm wichtig, zusammen mit dem Handel in Deutschland, das Projekt umzusetzen\u201c, erg\u00e4nzt der betreuende Professor Dr. Hans-Joachim von Scheidt. <!--more--><\/p>\n<p>Zusammen mit Tobii, dem Anbieter der Eye-Tracking-Technologie, wurde das Studienprojekt entworfen und am 28. und 29. April im tegut\u00e2\u20ac\u00a6 Markt in der Richard-Wagner-Str.86 in Wiesbaden durchgef\u00fchrt. \u201eIm Vorfeld haben wir aktiv Werbung f\u00fcr die Teilnahme gemacht. In den Wiesbadener M\u00e4rkten haben wir mit Flyern und Plakaten die Kunden informiert. Schlussendlich haben uns 27 Kunden mit ihrer Teilnahme unterst\u00fctzt\u201c, verr\u00e4t Dr. Jan Rutenberg, tegut\u00e2\u20ac\u00a6 Marktforschung. Die Kunden wurden dabei mit einer mobilen Blickaufzeichnungsbrille und einem vorgegebenen Einkaufszettel ausgestattet, um dann in dem neugestalteten Markt einzukaufen. Abschlie\u00dfend haben die Studenten die Probanden befragt.<\/p>\n<p>\u201eUnsere Motivation f\u00fcr das Projekt war zum einen die Praxiserfahrung der Studenten. Und zum anderen die M\u00f6glichkeit, Erkenntnisse zu gewinnen, wie wir dem Kunden den Einkauf intuitiv einfacher gestalten k\u00f6nnen. Was nehmen die Kunden wahr, wie orientieren sie sich und welche Informationen oder Schilder sind \u00fcberfl\u00fcssig?\u201c, so Rutenberg. Gerade in dem umgebauten Markt mit dem neuen Ladenkonzept, sei es f\u00fcr tegut\u00e2\u20ac\u00a6 wichtig, zu wissen, was der Kundenorientierung dient und was hinderlich ist. \u201eDiese reale Fragestellung konnten die Studenten aufgreifen, um praxisrelevante Erfahrungen zu sammeln\u201c, so von Scheidt. Die vorgestellten Ergebnisse werden die Verantwortlichen bei tegut\u00e2\u20ac\u00a6 nun auswerten und in die Gestaltung des Ladenkonzepts und der Kommunikationselemente einflie\u00dfen lassen.<\/p>\n","protected":false},"excerpt":{"rendered":"<div class=\"tmnf_excerpt\"><p>Fulda. Am 23. Mai war es soweit: die Studenten der Dualen Hochschule Baden-W\u00fcrttemberg pr\u00e4sentierten in Mannheim ihre Ergebnisse der gemeinsamen Blickaufzeichnungsstudie. \u201eWir freuen uns, dass wir den Studenten die M\u00f6glichkeit geben konnten, in Wiesbaden die theoretischen Kenntnisse in die Tat umzusetzen. Denn nur so ist Entwicklung und Wachsen an Herausforderungen m\u00f6glich\u201c, l\u00e4sst uns Thomas Gutberlet, &hellip;<\/p>\n<\/div>","protected":false},"author":1,"featured_media":0,"comment_status":"closed","ping_status":"closed","sticky":false,"template":"","format":"standard","meta":{"footnotes":""},"categories":[1,48],"tags":[],"class_list":["post-125446","post","type-post","status-publish","format-standard","hentry","category-startseite","category-forschung"],"_links":{"self":[{"href":"https:\/\/www.fuldaernachrichten.de\/index.php?rest_route=\/wp\/v2\/posts\/125446","targetHints":{"allow":["GET"]}}],"collection":[{"href":"https:\/\/www.fuldaernachrichten.de\/index.php?rest_route=\/wp\/v2\/posts"}],"about":[{"href":"https:\/\/www.fuldaernachrichten.de\/index.php?rest_route=\/wp\/v2\/types\/post"}],"author":[{"embeddable":true,"href":"https:\/\/www.fuldaernachrichten.de\/index.php?rest_route=\/wp\/v2\/users\/1"}],"replies":[{"embeddable":true,"href":"https:\/\/www.fuldaernachrichten.de\/index.php?rest_route=%2Fwp%2Fv2%2Fcomments&post=125446"}],"version-history":[{"count":1,"href":"https:\/\/www.fuldaernachrichten.de\/index.php?rest_route=\/wp\/v2\/posts\/125446\/revisions"}],"predecessor-version":[{"id":125450,"href":"https:\/\/www.fuldaernachrichten.de\/index.php?rest_route=\/wp\/v2\/posts\/125446\/revisions\/125450"}],"wp:attachment":[{"href":"https:\/\/www.fuldaernachrichten.de\/index.php?rest_route=%2Fwp%2Fv2%2Fmedia&parent=125446"}],"wp:term":[{"taxonomy":"category","embeddable":true,"href":"https:\/\/www.fuldaernachrichten.de\/index.php?rest_route=%2Fwp%2Fv2%2Fcategories&post=125446"},{"taxonomy":"post_tag","embeddable":true,"href":"https:\/\/www.fuldaernachrichten.de\/index.php?rest_route=%2Fwp%2Fv2%2Ftags&post=125446"}],"curies":[{"name":"wp","href":"https:\/\/api.w.org\/{rel}","templated":true}]}}