{"id":125429,"date":"2014-06-20T07:37:52","date_gmt":"2014-06-20T07:37:52","guid":{"rendered":"http:\/\/www.fuldaer-nachrichten.de\/?p=125429"},"modified":"2014-06-20T07:37:52","modified_gmt":"2014-06-20T07:37:52","slug":"feuerwehr-aktionstag-in-kirchhasel","status":"publish","type":"post","link":"https:\/\/www.fuldaernachrichten.de\/?p=125429","title":{"rendered":"Feuerwehr-Aktionstag in Kirchhasel"},"content":{"rendered":"<p><a href=\"http:\/\/www.fuldaer-nachrichten.de\/wp-content\/uploads\/2014\/06\/FFW-Kirchhasel_Feuerwehr-Aktionstag-in-Kirchhasel-3.jpg\"><img decoding=\"async\" class=\"alignleft size-thumbnail wp-image-125432\" src=\"http:\/\/www.fuldaer-nachrichten.de\/wp-content\/uploads\/2014\/06\/FFW-Kirchhasel_Feuerwehr-Aktionstag-in-Kirchhasel-3-265x175.jpg\" alt=\"FFW-Kirchhasel_Feuerwehr-Aktionstag-in-Kirchhasel (3)\" width=\"265\" height=\"175\" srcset=\"https:\/\/www.fuldaernachrichten.de\/wp-content\/uploads\/2014\/06\/FFW-Kirchhasel_Feuerwehr-Aktionstag-in-Kirchhasel-3-265x175.jpg 265w, https:\/\/www.fuldaernachrichten.de\/wp-content\/uploads\/2014\/06\/FFW-Kirchhasel_Feuerwehr-Aktionstag-in-Kirchhasel-3.jpg 600w\" sizes=\"(max-width: 265px) 100vw, 265px\" \/><\/a>Kirchhasel. Viel zu sehen und zum Mitmachen gab es am Sonntag, 15. Juni 2014 beim Aktionstag der Freiwilligen Feuerwehr aus Kirchhasel. Unter dem Motto der hessischen Feuerwehren \u201eAlle brauchen die Feuerwehr, die Feuerwehr braucht dich!\u201c, veranstaltete die Wehr einen informativen Tag rund um die Arbeit von Einsatzabteilung und Jugendfeuerwehr.<\/p>\n<p>Wehrf\u00fchrer Uwe Bierent er\u00f6ffnete den Aktionstag mit einer Vorstellung der Kirchhaseler Wehr und gab einen Einblick in die zahlreichen Aufgaben der Feuerwehr. \u201eAnderen in Not zu helfen, auch mitten in der Nacht und bei jedem Wetter, sei wohl die zentrale Aufgabe der Feuerwehren\u201c, so Bierent. Entsch\u00e4digung f\u00fcr die Stunden der Bereitschaft, des Lernens und der vielen \u00dcbungen sei f\u00fcr die Feuerwehrleute das tolle Gef\u00fchl, anderen helfen zu k\u00f6nnen. \u00dcbungsabende, Wettk\u00e4mpfe, Zeltlager und vieles mehr standen auf dem Programm von Magdalena Storch. Die Jugendwartin der \u00f6rtlichen Jugendfeuerwehr stellte die Nachwuchsabteilung der Wehr und deren vielf\u00e4ltigen Aktivit\u00e4ten vor.<!--more--><\/p>\n<p><a href=\"http:\/\/www.fuldaer-nachrichten.de\/wp-content\/uploads\/2014\/06\/FFW-Kirchhasel_Feuerwehr-Aktionstag-in-Kirchhasel-11.jpg\"><img decoding=\"async\" class=\"alignleft size-thumbnail wp-image-125431\" src=\"http:\/\/www.fuldaer-nachrichten.de\/wp-content\/uploads\/2014\/06\/FFW-Kirchhasel_Feuerwehr-Aktionstag-in-Kirchhasel-11-265x175.jpg\" alt=\"FFW-Kirchhasel_Feuerwehr-Aktionstag-in-Kirchhasel (1)\" width=\"265\" height=\"175\" srcset=\"https:\/\/www.fuldaernachrichten.de\/wp-content\/uploads\/2014\/06\/FFW-Kirchhasel_Feuerwehr-Aktionstag-in-Kirchhasel-11-265x175.jpg 265w, https:\/\/www.fuldaernachrichten.de\/wp-content\/uploads\/2014\/06\/FFW-Kirchhasel_Feuerwehr-Aktionstag-in-Kirchhasel-11.jpg 600w\" sizes=\"(max-width: 265px) 100vw, 265px\" \/><\/a>Interessante Vorf\u00fchrungen boten sowohl Jugendfeuerwehr als auch Einsatzabteilung. \u201eVerkehrsunfall auf der B48\u201c war das Einsatzstichwort, unter dem die Jugendlichen den Zuschauern die Arbeit der Feuerwehr bei einem Verkehrsunfall n\u00e4her brachten. Thomas Quinkler erl\u00e4uterte mit Kameraden der Einsatzabteilung die Besonderheiten beim Einsatz unter Atemschutz. Nicht zu kurz kamen auch die eigenen Aktivit\u00e4ten der Besucher. Neben Spiel und Spa\u00df f\u00fcr die Kinder konnte man die richtige Anwendung eines Feuerl\u00f6schers austesten und bekam Tipps zur richtigen Anwendung durch die Feuerwehrleute aus Kirchhasel.\u00c2\u00a0 (Nicolas Pappert)<\/p>\n","protected":false},"excerpt":{"rendered":"<div class=\"tmnf_excerpt\"><p>Kirchhasel. Viel zu sehen und zum Mitmachen gab es am Sonntag, 15. Juni 2014 beim Aktionstag der Freiwilligen Feuerwehr aus Kirchhasel. Unter dem Motto der hessischen Feuerwehren \u201eAlle brauchen die Feuerwehr, die Feuerwehr braucht dich!\u201c, veranstaltete die Wehr einen informativen Tag rund um die Arbeit von Einsatzabteilung und Jugendfeuerwehr. Wehrf\u00fchrer Uwe Bierent er\u00f6ffnete den Aktionstag &hellip;<\/p>\n<\/div>","protected":false},"author":1,"featured_media":0,"comment_status":"closed","ping_status":"closed","sticky":false,"template":"","format":"standard","meta":{"footnotes":""},"categories":[1,71],"tags":[],"class_list":["post-125429","post","type-post","status-publish","format-standard","hentry","category-startseite","category-feuerwehr"],"_links":{"self":[{"href":"https:\/\/www.fuldaernachrichten.de\/index.php?rest_route=\/wp\/v2\/posts\/125429","targetHints":{"allow":["GET"]}}],"collection":[{"href":"https:\/\/www.fuldaernachrichten.de\/index.php?rest_route=\/wp\/v2\/posts"}],"about":[{"href":"https:\/\/www.fuldaernachrichten.de\/index.php?rest_route=\/wp\/v2\/types\/post"}],"author":[{"embeddable":true,"href":"https:\/\/www.fuldaernachrichten.de\/index.php?rest_route=\/wp\/v2\/users\/1"}],"replies":[{"embeddable":true,"href":"https:\/\/www.fuldaernachrichten.de\/index.php?rest_route=%2Fwp%2Fv2%2Fcomments&post=125429"}],"version-history":[{"count":1,"href":"https:\/\/www.fuldaernachrichten.de\/index.php?rest_route=\/wp\/v2\/posts\/125429\/revisions"}],"predecessor-version":[{"id":125433,"href":"https:\/\/www.fuldaernachrichten.de\/index.php?rest_route=\/wp\/v2\/posts\/125429\/revisions\/125433"}],"wp:attachment":[{"href":"https:\/\/www.fuldaernachrichten.de\/index.php?rest_route=%2Fwp%2Fv2%2Fmedia&parent=125429"}],"wp:term":[{"taxonomy":"category","embeddable":true,"href":"https:\/\/www.fuldaernachrichten.de\/index.php?rest_route=%2Fwp%2Fv2%2Fcategories&post=125429"},{"taxonomy":"post_tag","embeddable":true,"href":"https:\/\/www.fuldaernachrichten.de\/index.php?rest_route=%2Fwp%2Fv2%2Ftags&post=125429"}],"curies":[{"name":"wp","href":"https:\/\/api.w.org\/{rel}","templated":true}]}}