{"id":125175,"date":"2014-06-12T00:17:59","date_gmt":"2014-06-12T00:17:59","guid":{"rendered":"http:\/\/www.fuldaer-nachrichten.de\/?p=125175"},"modified":"2014-06-12T13:13:51","modified_gmt":"2014-06-12T13:13:51","slug":"die-osthessische-initiative-gegen-gewalt-im-namen-der-ehre-stellt-sich-vor","status":"publish","type":"post","link":"https:\/\/www.fuldaernachrichten.de\/?p=125175","title":{"rendered":"Die Osthessische Initiative gegen Gewalt im Namen der Ehre stellt sich vor"},"content":{"rendered":"<p>Fulda. Die Osthessische Initiative entwickelte sich nach einer wegweisenden Tagung 2011 mit dem Thema Ehre und Gewalt \u2013 Zwischen Tradition und Moderne aus einer Zusammenarbeit des Netzwerkes gegen Gewalt der Hessischen Landesregierung, der Violeta gGmbH, des Polizeipr\u00e4sidiums Osthessen und der Hochschule Fulda sowie Vertreterinnen und Vertreter aus Institutionen der Stadt und des Landkreises Fulda, des Vogelsbergkreises und des Landkreises Hersfeld-Rotenburg, die sich im \u00fcberregionalen Arbeitskreis Ehre und Gewalt aktiv mit dem Thema Gewaltanwendungen im Namen der Ehre und Zwangsverheiratungen auseinandersetzten. Denn allen ist klar geworden, dass diese Ph\u00e4nomene auch bei uns auftreten! 2013 formierte sich aus dem \u00fcber\u00f6rtlichen Arbeitskreis die Osthessische Initiative gegen Gewalt im Namen der Ehre.<!--more--><\/p>\n<p>Gewalt im Namen der Ehre kommt \u00fcberwiegend in stark patriarchalisch strukturierten Familien und Kulturen vor. Sie wird oft religi\u00f6s begr\u00fcndet, ist aber entgegen weit verbreiteter Annahmen kein religi\u00f6ses Ph\u00e4nomen. Grunds\u00e4tzlich kann jede(r) von Gewalt in Namen der Ehre betroffen sein. H\u00e4ufig haben M\u00e4dchen ab der Pubert\u00e4t darunter zu leiden. Ab diesem Zeitpunkt k\u00f6nnen sie durch \u201eunehrenhaftes Verhalten\u201c, wie einem Gespr\u00e4ch mit einem Fremden, Selbstst\u00e4ndigkeitsstreben, Orientierung am westlichen Lebensstil oder einer vorehelichen Beziehung die Ehre der Familie gef\u00e4hrden. Dies kann Ausl\u00f6ser f\u00fcr physische und\/oder psychische Gewalt sein.<\/p>\n<p>Daher hatten sich die Mitglieder der Osthessischen Initiative gegen Gewalt im Namen der Ehre vorgenommen, Menschen f\u00fcr das Thema zu sensibilisieren und ein Problembewusstsein zu schaffen sowie auf die wachsende Problematik hinzuweisen. Dies gelingt am ehesten, wenn \u00fcber die Situation, in der sich Opfer von ehrbezogener Gewalt und Zwangsverheiratung befinden, informiert wird und so eine breite \u00d6ffentlichkeit geschaffen wird, der zufolge sich Betroffene auch trauen, Hilfe zu suchen und anzunehmen.<\/p>\n<p>Es bedarf fachlicher Diskurse in Form von Fortbildungen und Fachtagungen, die durch die Initiative angesto\u00dfen bzw. erm\u00f6glicht werden sollten wie auch die Entwicklung eines fachkundigen und handlungsf\u00e4higen Netzwerkes, da bei einem Hilfebedarf oft Gefahr im Verzug ist und rasches und abgestimmtes Handeln f\u00fcr das Wohl der\/des Betroffenen unverzichtbar ist. Im Zentrum dieses Netzwerkes sollte ein spezifisches Beratungs- und Hilfeangebot f\u00fcr Betroffene und deren Angeh\u00f6rige sowie deren professionellen Ansprechpartnerinnen und Ansprechpartner initiiert werden.<\/p>\n<p>Ein solches wird gerade durch die Verantwortlichen des Landkreises Fulda -federf\u00fchrend durch den Ersten Kreisbeigeordneten, Herrn Dr. Wingenfeld &#8211; sowie des Vogelsbergkreises und des Landkreises Hersfeld-Rotenburg auf den Weg gebracht. Es wird angestrebt, dass sich der Landkreis Hersfeld-Rotenburg und der Vogelsbergkreis am Projekt beteiligen. Sie sind miteinander im Gespr\u00e4ch, die Fachberatungsstelle Solwodi hat ein Konzept vorgelegt, was nun gemeinsam bewertet wird. Die AG Notfall hat sich \u00fcber einen l\u00e4ngeren Zeitraum mit der Erarbeitung eines lokalen Leitfadens zur Hilfegew\u00e4hrung besch\u00e4ftigt, um ein Netzwerk vorhalten zu<\/p>\n<p>k\u00f6nnen, was im Bedarfsfall eingespielt und in der Lage ist, rasch zu handeln. Die Ergebnisse sollen nach der Etablierung eines Beratungsangebotes weiter ausgearbeitet werden. Die AG \u00d6ffentlichkeitsarbeit griff den Gedanken der weiteren Sensibilisierung f\u00fcr das Thema auf und organisierte in Fulda Schwerpunktwochen gegen Gewalt im Namen der Ehre.<\/p>\n<p>Kern der Schwerpunktwochen ist die von TERRE DES FEMMES konzipierte Ausstellung <strong>Tatmotiv Ehre<\/strong>, die vom <strong>30.06. bis 21.07.2014 <\/strong>in den R\u00e4umen des B\u00fcrgerzentrums Aschenberg gezeigt wird. Erfahrungswerten zufolge kommen den Schulen eine zentrale Rolle im Erkennen einer Gef\u00e4hrdungslage und dem Ansprechen von Betroffenen sowie die Vermittlung von ersten Hilfsangeboten zu. Daher gilt es nicht nur, das Thema in das Bewusstsein von Menschen und Fachleuten zu bringen, sondern auch Sch\u00fclerInnen und LehrerInnen an das Thema heranzuf\u00fchren. Beides soll mit der Ausstellung <strong>Tatmotiv Ehre <\/strong>und Schulveranstaltungen im Cinestargeschehen. Flankierend finden mehrere Veranstaltungen<\/p>\n<p>\u2013\u00c2\u00a0\u00c2\u00a0\u00c2\u00a0\u00c2\u00a0\u00c2\u00a0 Er\u00f6ffnungsveranstaltung mit Sr. Dr. Lea Ackermann: <strong>Was hei\u00dft Ehre? Ehre und Gewalt passen nicht zusammen<\/strong><\/p>\n<p>\u2013\u00c2\u00a0\u00c2\u00a0\u00c2\u00a0\u00c2\u00a0\u00c2\u00a0 <strong>Ph\u00e4nomenologie und Ursachen sowie deren Erledigung durch die Justiz<\/strong>. Vortrag mit <strong>Dr. Carina Agel<\/strong>,<\/p>\n<p>\u2013\u00c2\u00a0\u00c2\u00a0\u00c2\u00a0\u00c2\u00a0\u00c2\u00a0 <strong>Wer tr\u00e4gt wessen Ehre? Wenn aus Ehre Gewalt wird.<\/strong> Lesung mit <strong>Syran Ates<\/strong>,<\/p>\n<p>\u2013\u00c2\u00a0\u00c2\u00a0\u00c2\u00a0\u00c2\u00a0\u00c2\u00a0 <strong>Stein der Geduld. <\/strong>Film im Mehrgenerationenhaus<\/p>\n<p>\u2013\u00c2\u00a0\u00c2\u00a0\u00c2\u00a0\u00c2\u00a0\u00c2\u00a0 <strong>Verlorene Ehre \u2013 Der Irrweg der Familie S\u00fcr\u00fcc\u00fc<\/strong>. Dokumentarfilm in Cinestar mit anschlie\u00dfendem Publikumsgespr\u00e4ch mit dem Regisseur <strong>Jo Goll<\/strong><\/p>\n<p>in Fulda statt.<\/p>\n<p>Die genauen Daten finden Sie unter <a href=\"http:\/\/www.ehre-gewalt.de\"><strong>www.ehre-gewalt.de<\/strong><\/a><strong>.<\/strong><\/p>\n","protected":false},"excerpt":{"rendered":"<div class=\"tmnf_excerpt\"><p>Fulda. Die Osthessische Initiative entwickelte sich nach einer wegweisenden Tagung 2011 mit dem Thema Ehre und Gewalt \u2013 Zwischen Tradition und Moderne aus einer Zusammenarbeit des Netzwerkes gegen Gewalt der Hessischen Landesregierung, der Violeta gGmbH, des Polizeipr\u00e4sidiums Osthessen und der Hochschule Fulda sowie Vertreterinnen und Vertreter aus Institutionen der Stadt und des Landkreises Fulda, des &hellip;<\/p>\n<\/div>","protected":false},"author":1,"featured_media":0,"comment_status":"closed","ping_status":"closed","sticky":false,"template":"","format":"standard","meta":{"footnotes":""},"categories":[1,48],"tags":[],"class_list":["post-125175","post","type-post","status-publish","format-standard","hentry","category-startseite","category-forschung"],"_links":{"self":[{"href":"https:\/\/www.fuldaernachrichten.de\/index.php?rest_route=\/wp\/v2\/posts\/125175","targetHints":{"allow":["GET"]}}],"collection":[{"href":"https:\/\/www.fuldaernachrichten.de\/index.php?rest_route=\/wp\/v2\/posts"}],"about":[{"href":"https:\/\/www.fuldaernachrichten.de\/index.php?rest_route=\/wp\/v2\/types\/post"}],"author":[{"embeddable":true,"href":"https:\/\/www.fuldaernachrichten.de\/index.php?rest_route=\/wp\/v2\/users\/1"}],"replies":[{"embeddable":true,"href":"https:\/\/www.fuldaernachrichten.de\/index.php?rest_route=%2Fwp%2Fv2%2Fcomments&post=125175"}],"version-history":[{"count":1,"href":"https:\/\/www.fuldaernachrichten.de\/index.php?rest_route=\/wp\/v2\/posts\/125175\/revisions"}],"predecessor-version":[{"id":125177,"href":"https:\/\/www.fuldaernachrichten.de\/index.php?rest_route=\/wp\/v2\/posts\/125175\/revisions\/125177"}],"wp:attachment":[{"href":"https:\/\/www.fuldaernachrichten.de\/index.php?rest_route=%2Fwp%2Fv2%2Fmedia&parent=125175"}],"wp:term":[{"taxonomy":"category","embeddable":true,"href":"https:\/\/www.fuldaernachrichten.de\/index.php?rest_route=%2Fwp%2Fv2%2Fcategories&post=125175"},{"taxonomy":"post_tag","embeddable":true,"href":"https:\/\/www.fuldaernachrichten.de\/index.php?rest_route=%2Fwp%2Fv2%2Ftags&post=125175"}],"curies":[{"name":"wp","href":"https:\/\/api.w.org\/{rel}","templated":true}]}}