{"id":125083,"date":"2014-06-11T00:09:29","date_gmt":"2014-06-11T00:09:29","guid":{"rendered":"http:\/\/www.fuldaer-nachrichten.de\/?p=125083"},"modified":"2014-06-10T15:55:09","modified_gmt":"2014-06-10T15:55:09","slug":"vom-mut-eigene-wege-zu-gehen-rhoensprudel-genussakademie-hatte-zum-branchenforum-2014-eingeladen","status":"publish","type":"post","link":"https:\/\/www.fuldaernachrichten.de\/?p=125083","title":{"rendered":"Vom Mut, eigene Wege zu gehen &#8211; Rh\u00f6nSprudel Genussakademie hatte zum Branchenforum 2014 eingeladen"},"content":{"rendered":"<div id=\"attachment_125084\" style=\"width: 570px\" class=\"wp-caption alignnone\"><a href=\"http:\/\/www.fuldaer-nachrichten.de\/wp-content\/uploads\/2014\/06\/branchenforum_rundgang_groma.jpg\"><img fetchpriority=\"high\" decoding=\"async\" aria-describedby=\"caption-attachment-125084\" class=\"size-full wp-image-125084\" src=\"http:\/\/www.fuldaer-nachrichten.de\/wp-content\/uploads\/2014\/06\/branchenforum_rundgang_groma.jpg\" alt=\"Zum Schluss des Branchenforums gab es noch die Gelegenheit, das neue Frischezentrum der Groma in der Fuldaer Kreuzbergstra\u00dfe zu besichtigen. \/ Fotos: Carsten Kallenbach\" width=\"560\" height=\"380\" \/><\/a><p id=\"caption-attachment-125084\" class=\"wp-caption-text\">Zum Schluss des Branchenforums gab es noch die Gelegenheit, das neue Frischezentrum der Groma in der Fuldaer Kreuzbergstra\u00dfe zu besichtigen. \/ Fotos: Carsten Kallenbach<\/p><\/div>\n<p>Fulda. Es ging um den unternehmerischen Mut, um eigene Konzepte, eigene Wege zum Ziel und auch um die Frage, wieviel Risiko daf\u00fcr notwendig ist: Das diesj\u00e4hrige Branchenforum f\u00fcr die einheimische Gastronomie und Hotellerie, zu dem die Rh\u00f6nSprudel Genussakademie nach Fulda in die Groma Wehner Lebensmittel GmbH &amp; Co. KG eingeladen hatte, widmete sich gewisserma\u00dfen einer Grundfrage, mit der sich jedes Unternehmen dieser Branche auseinandersetzen muss.<!--more--><\/p>\n<p>\u201eEs ist wichtig, dass sich unsere Gastronomen immer wieder treffen, um sich \u00fcber die verschiedensten Fragen des Alltags auszutauschen. Deshalb fanden bereits zum 3. Mal die Seminare der Rh\u00f6nSprudel Genussakademie statt\u201c, sagte die Gesch\u00e4ftsf\u00fchrerin der Dachmarke Rh\u00f6n, Barbara Landgraf, zu Beginn des Branchenforums. Ziel der Rh\u00f6nSprudel Genussakademie ist es, in enger Zusammenarbeit mit der Dachmarke Rh\u00f6n die Qualit\u00e4t der einheimischen Gastronomie und Hotellerie zu erhalten sowie regionale Produkte zu f\u00f6rdern. An den Seminaren der Rh\u00f6nSprudel Genussakademie f\u00fcr das Winterhalbjahr 2013\/2014 nahmen insgesamt mehr als 150 Vertreter von Gastronomie- und Beherbergungsbetrieben aus der bayerischen, hessischen und th\u00fcringischen Rh\u00f6n teil.<\/p>\n<div id=\"attachment_125085\" style=\"width: 275px\" class=\"wp-caption alignleft\"><a href=\"http:\/\/www.fuldaer-nachrichten.de\/wp-content\/uploads\/2014\/06\/branchenforum_fahrrad.jpg\"><img decoding=\"async\" aria-describedby=\"caption-attachment-125085\" class=\"size-thumbnail wp-image-125085\" src=\"http:\/\/www.fuldaer-nachrichten.de\/wp-content\/uploads\/2014\/06\/branchenforum_fahrrad-265x184.jpg\" alt=\"\u201eBusiness is like riding a bike\u201c \u2013 die Notwendigkeit dieser inneren Haltung demonstrierte Lutz Langhoff mit einem Fahrrad. Tobias Farnung vom Fuldaer Hotel &amp; Restaurant Bachm\u00fchle musste im Seminarraum darauf seine Runden drehen \u2013 nicht zu schnell, nicht zu  langsam und immer nach vorne blicken.\" width=\"265\" height=\"184\" srcset=\"https:\/\/www.fuldaernachrichten.de\/wp-content\/uploads\/2014\/06\/branchenforum_fahrrad-265x184.jpg 265w, https:\/\/www.fuldaernachrichten.de\/wp-content\/uploads\/2014\/06\/branchenforum_fahrrad.jpg 600w\" sizes=\"(max-width: 265px) 100vw, 265px\" \/><\/a><p id=\"caption-attachment-125085\" class=\"wp-caption-text\">\u201eBusiness is like riding a bike\u201c \u2013 die Notwendigkeit dieser inneren Haltung demonstrierte Lutz Langhoff mit einem Fahrrad. Tobias Farnung vom Fuldaer Hotel &amp; Restaurant Bachm\u00fchle musste im Seminarraum darauf seine Runden drehen \u2013 nicht zu schnell, nicht zu langsam und immer nach vorne blicken.<\/p><\/div>\n<p>Die Seminare der Rh\u00f6nSprudel Genussakademie sollen in erster Linie die heimische Gastronomie st\u00e4rken. So steht die Produktentwicklung im Bereich K\u00fcche, die Optimierung der Abl\u00e4ufe im Service und das Behandeln von Marketing und \u00d6ffentlichkeitsarbeit oder besonderen betriebswirtschaftlichen Belangen, denen die Branche unterworfen ist, im Fokus. \u201eDas Branchenforum gibt uns die M\u00f6glichkeit, auch \u00fcber andere Fragen zu diskutieren, die im gastronomischen Alltag oft zu kurz kommen, die aber das Grundger\u00fcst f\u00fcr ein erfolgreiches Unternehmen in der regionalen Gastronomie und Hotellerie darstellen\u201c, erl\u00e4uterte Martina Kl\u00fcber-Wibelitz vom B\u00fcro Antsanvia in Schleid, die die Seminare und auch das Branchenforum im Auftrag der Rh\u00f6nSprudel Genussakademie organisiert. Die generelle Frage, die auch mit dem Thema unternehmerischer Mut zusammenh\u00e4ngt, sei die, wie sich die Rh\u00f6n von anderen Regionen und wie sich die einzelnen Gasth\u00e4user durch eigene und unverwechselbare Konzepte von ihren Mitbewerbern absetzen k\u00f6nnen.<\/p>\n<p>Die Teilnehmer des Branchenforums erwartete ein Vortrag von Lutz Langhoff, der unter anderem ein Buch \u00fcber das Thema unternehmerischer Mut geschrieben hat. Langhoff hat eine sehr spezielle Biografie: Zun\u00e4chst war er als Stra\u00dfenk\u00fcnstler t\u00e4tig. Heute ist er Diplom-Wirtschaftssoziologe, Unternehmensberater, Unternehmensentwickler, hat als Start-up-Berater bei \u00fcber 800 Gr\u00fcndungen direkt und indirekt mitgewirkt und ist Vortragsredner zum Thema unternehmerischer Mut, bei denen er oft vor Tausenden von Zuh\u00f6rern auftritt.<\/p>\n<p>\u201eDen unternehmerischen Mut gibt es nie in die Wiege gelegt \u2013 den muss ich mir \u00fcber eine lange Zeit erarbeiten\u201c, sagte Langhoff. F\u00fcr ein Unternehmen sei es immer wichtig, ganz klar ein Ziel zu formulieren, wo und wie es sich in Zukunft positionieren m\u00f6chte. Daf\u00fcr sei Zeit n\u00f6tig, und so manches Teilvorhaben entpuppe sich irgendwann vielleicht als Ballast, von dem man sich wieder trennen muss. Es sei gut, aus der Vergangenheit Kraft zu sch\u00f6pfen. Aber: \u201eWer in der Vergangenheit lebt und st\u00e4ndig nur zur\u00fcck sieht, der wird das Ziel aus den Augen verlieren\u201c, gab Langhoff den anwesenden Gesch\u00e4ftsf\u00fchrern und leitenden Angestellten aus der Rh\u00f6ner Gastronomie und Hotellerie mit auf den Weg.<\/p>\n<p>Unternehmerischer Mut bedeute auch, Ja zum Risiko zu sagen. \u201eOhne Risiko gibt es keinen Mut. Bei vielen fehlt oft die Bereitschaft dazu, mit der Idee, die sie verfolgen, auch mal daneben zu liegen. Aber ohne Ver\u00e4nderung wird ein Unternehmen keine Zukunft haben \u2013 das gilt f\u00fcr alle Branchen\u201c, hob Langhoff hervor. Unternehmerischer Mut habe letztlich auch etwas mit Leidenschaft und Motivation und der Mitnahme des Teams zu tun.<\/p>\n<p>\u201eIch habe mich mit den Themen, die Lutz Langhoff angesprochen hat, schon oft auseinandergesetzt\u201c, sagte Sonja Karlein vom Wohlf\u00fchlhotel \u201eSonnentau\u201c in Fladungen. \u201eWichtig ist, dass wir das Menschliche dabei nicht aus dem Auge verlieren und dass wir uns immer die Frage stellen, nach welchen Werten wir eigentlich streben.\u201c Auch Mariola Golaszewski, Restaurantleiterin im Hotel \u201ePeterchens Mondfahrt\u201c auf der Wasserkuppe, konnte vom Branchenforum 2014 Impulse mit in ihren Betrieb nehmen: \u201eNach vorne schauen und keine Angst davor haben \u2013 das ist das Entscheidende\u201c, sagte sie.<\/p>\n<p>Die anschlie\u00dfende Diskussion zeigte, dass die Gastronomen aus der bayerischen, hessischen und th\u00fcringischen Rh\u00f6n die Seminarangebote der Rh\u00f6nSprudel Genussakademie sehr gerne wahrnehmen. Inzwischen beteiligen sich an den Seminaren auch Gastronomen, die ihr Gasthaus oder Hotel au\u00dferhalb der Rh\u00f6n betreiben. F\u00fcr die neue Seminarreihe, die im Herbst dieses Jahres startet, gab es bereits erste Vorschl\u00e4ge seitens der Teilnehmer am Branchenforum, und auch 2015 soll ein Branchenforum die Seminare f\u00fcr das Winterhalbjahr 2014\/2015 abschlie\u00dfen.<\/p>\n<p>Impressionen zu den Seminaren der Rh\u00f6nSprudel Genussakademie und zu den Branchenforen gibt es im Internet unter <a href=\"http:\/\/www.rhoensprudel-genussakademie.de\">www.rhoensprudel-genussakademie.de<\/a>.<\/p>\n","protected":false},"excerpt":{"rendered":"<div class=\"tmnf_excerpt\"><p>Fulda. Es ging um den unternehmerischen Mut, um eigene Konzepte, eigene Wege zum Ziel und auch um die Frage, wieviel Risiko daf\u00fcr notwendig ist: Das diesj\u00e4hrige Branchenforum f\u00fcr die einheimische Gastronomie und Hotellerie, zu dem die Rh\u00f6nSprudel Genussakademie nach Fulda in die Groma Wehner Lebensmittel GmbH &amp; Co. KG eingeladen hatte, widmete sich gewisserma\u00dfen einer &hellip;<\/p>\n<\/div>","protected":false},"author":1,"featured_media":0,"comment_status":"closed","ping_status":"closed","sticky":false,"template":"","format":"standard","meta":{"footnotes":""},"categories":[1,37,78],"tags":[],"class_list":["post-125083","post","type-post","status-publish","format-standard","hentry","category-startseite","category-essen-und-trinken","category-topthema"],"_links":{"self":[{"href":"https:\/\/www.fuldaernachrichten.de\/index.php?rest_route=\/wp\/v2\/posts\/125083","targetHints":{"allow":["GET"]}}],"collection":[{"href":"https:\/\/www.fuldaernachrichten.de\/index.php?rest_route=\/wp\/v2\/posts"}],"about":[{"href":"https:\/\/www.fuldaernachrichten.de\/index.php?rest_route=\/wp\/v2\/types\/post"}],"author":[{"embeddable":true,"href":"https:\/\/www.fuldaernachrichten.de\/index.php?rest_route=\/wp\/v2\/users\/1"}],"replies":[{"embeddable":true,"href":"https:\/\/www.fuldaernachrichten.de\/index.php?rest_route=%2Fwp%2Fv2%2Fcomments&post=125083"}],"version-history":[{"count":1,"href":"https:\/\/www.fuldaernachrichten.de\/index.php?rest_route=\/wp\/v2\/posts\/125083\/revisions"}],"predecessor-version":[{"id":125086,"href":"https:\/\/www.fuldaernachrichten.de\/index.php?rest_route=\/wp\/v2\/posts\/125083\/revisions\/125086"}],"wp:attachment":[{"href":"https:\/\/www.fuldaernachrichten.de\/index.php?rest_route=%2Fwp%2Fv2%2Fmedia&parent=125083"}],"wp:term":[{"taxonomy":"category","embeddable":true,"href":"https:\/\/www.fuldaernachrichten.de\/index.php?rest_route=%2Fwp%2Fv2%2Fcategories&post=125083"},{"taxonomy":"post_tag","embeddable":true,"href":"https:\/\/www.fuldaernachrichten.de\/index.php?rest_route=%2Fwp%2Fv2%2Ftags&post=125083"}],"curies":[{"name":"wp","href":"https:\/\/api.w.org\/{rel}","templated":true}]}}