{"id":125057,"date":"2014-06-11T00:12:55","date_gmt":"2014-06-11T00:12:55","guid":{"rendered":"http:\/\/www.fuldaer-nachrichten.de\/?p=125057"},"modified":"2014-06-10T15:38:14","modified_gmt":"2014-06-10T15:38:14","slug":"neue-ausruestung-fuer-die-feuerwehr-kerzell","status":"publish","type":"post","link":"https:\/\/www.fuldaernachrichten.de\/?p=125057","title":{"rendered":"Neue Ausr\u00fcstung f\u00fcr die Feuerwehr Kerzell"},"content":{"rendered":"<p><a href=\"http:\/\/www.fuldaer-nachrichten.de\/wp-content\/uploads\/2014\/06\/k-P1020798.jpg\"><img fetchpriority=\"high\" decoding=\"async\" class=\"alignleft size-thumbnail wp-image-125064\" src=\"http:\/\/www.fuldaer-nachrichten.de\/wp-content\/uploads\/2014\/06\/k-P1020798-265x198.jpg\" alt=\"k-P1020798\" width=\"265\" height=\"198\" srcset=\"https:\/\/www.fuldaernachrichten.de\/wp-content\/uploads\/2014\/06\/k-P1020798-265x198.jpg 265w, https:\/\/www.fuldaernachrichten.de\/wp-content\/uploads\/2014\/06\/k-P1020798.jpg 600w\" sizes=\"(max-width: 265px) 100vw, 265px\" \/><\/a>Kerzell. Im Rahmen einer Einweihungsfeier \u00fcbergab B\u00fcrgermeister Dieter Kolb der Feuerwehr Kerzell eine neue Tragkraftspritze, sowie ein Mehrzweckboot. W\u00e4hrend es sich bei der Tragkraftspritze (PFPN 10-1000) um eine Ersatzbeschaffung f\u00fcr eine \u00e4ltere Pumpe handelt, wurde das Boot aufgrund der Gef\u00e4hrdungsklassen der Gew\u00e4sser im Gemeindegebiet notwendig. Bei der Tragkraftspritze (Portable Fire Pump Normal Pressure, PFPN) 10-1000 handelt es sich um eine Pumpe der \u00f6sterreichischen Firma Rosenbauer vom Typ Fox. Sie f\u00f6rdert bei einem Ausgangsdruck von 10 bar 1.000 Liter Wasser pro Minute. Angetrieben wird sie von einem BMW Zweizylinder-Viertakt-Boxermotor mit einer Leistung von 50 kW, der aus der Motorradsparte von BMW bekannt ist. Es handelt sich um \u201eHigh Tech f\u00fcr die Feuerwehr Kerzell\u201c, so B\u00fcrgermeister Kolb bei der Vorstellung und \u00dcbergabe der neuen Ger\u00e4tschaften an Wehrf\u00fchrer Jan Diegelmann.<!--more--><\/p>\n<p><a href=\"http:\/\/www.fuldaer-nachrichten.de\/wp-content\/uploads\/2014\/06\/k-P1020741.jpg\"><img decoding=\"async\" class=\"alignleft size-thumbnail wp-image-125062\" src=\"http:\/\/www.fuldaer-nachrichten.de\/wp-content\/uploads\/2014\/06\/k-P1020741-265x198.jpg\" alt=\"k-P1020741\" width=\"265\" height=\"198\" srcset=\"https:\/\/www.fuldaernachrichten.de\/wp-content\/uploads\/2014\/06\/k-P1020741-265x198.jpg 265w, https:\/\/www.fuldaernachrichten.de\/wp-content\/uploads\/2014\/06\/k-P1020741.jpg 600w\" sizes=\"(max-width: 265px) 100vw, 265px\" \/><\/a>Die Anschaffung des Mehrzweckbootes wurde notwendig, um auch f\u00fcr Eins\u00e4tze wie Wasser- oder Eisrettungen und \u00dcberschwemmungen gewappnet zu sein. Aus einsatztaktischen Gr\u00fcnden wurde es in Kerzell stationiert, wo es bei Hochwasser wertvolle Hilfe sein kann. Die Weihe wurde von den Pfarrer Wunibald J\u00fcngst und seinem evangelischen Amtskollegen Edwin R\u00f6der vollzogen. Verbunden mit dem Dank, dass sich Menschen zusammenfinden, die sich f\u00fcr den Schutz ihrer Mitmenschen und deren Hab und Gut einsetzen, sei es aber genau so n\u00f6tig, ihnen Technik zur Verf\u00fcgung zu stellen, auf die sich die Einsatzkr\u00e4fte verlassen k\u00f6nnen, so die Geistlichen. Ebenso wurde das \u201eEinsatz-Fahrrad\u201c der Feuerwehr Kerzell gesegnet, dass von Andreas Heil anl\u00e4sslich der Einweihung des Feuerwehrhauses gestiftet wurde.<\/p>\n","protected":false},"excerpt":{"rendered":"<div class=\"tmnf_excerpt\"><p>Kerzell. Im Rahmen einer Einweihungsfeier \u00fcbergab B\u00fcrgermeister Dieter Kolb der Feuerwehr Kerzell eine neue Tragkraftspritze, sowie ein Mehrzweckboot. W\u00e4hrend es sich bei der Tragkraftspritze (PFPN 10-1000) um eine Ersatzbeschaffung f\u00fcr eine \u00e4ltere Pumpe handelt, wurde das Boot aufgrund der Gef\u00e4hrdungsklassen der Gew\u00e4sser im Gemeindegebiet notwendig. Bei der Tragkraftspritze (Portable Fire Pump Normal Pressure, PFPN) 10-1000 &hellip;<\/p>\n<\/div>","protected":false},"author":1,"featured_media":0,"comment_status":"closed","ping_status":"closed","sticky":false,"template":"","format":"standard","meta":{"footnotes":""},"categories":[1,71],"tags":[],"class_list":["post-125057","post","type-post","status-publish","format-standard","hentry","category-startseite","category-feuerwehr"],"_links":{"self":[{"href":"https:\/\/www.fuldaernachrichten.de\/index.php?rest_route=\/wp\/v2\/posts\/125057","targetHints":{"allow":["GET"]}}],"collection":[{"href":"https:\/\/www.fuldaernachrichten.de\/index.php?rest_route=\/wp\/v2\/posts"}],"about":[{"href":"https:\/\/www.fuldaernachrichten.de\/index.php?rest_route=\/wp\/v2\/types\/post"}],"author":[{"embeddable":true,"href":"https:\/\/www.fuldaernachrichten.de\/index.php?rest_route=\/wp\/v2\/users\/1"}],"replies":[{"embeddable":true,"href":"https:\/\/www.fuldaernachrichten.de\/index.php?rest_route=%2Fwp%2Fv2%2Fcomments&post=125057"}],"version-history":[{"count":1,"href":"https:\/\/www.fuldaernachrichten.de\/index.php?rest_route=\/wp\/v2\/posts\/125057\/revisions"}],"predecessor-version":[{"id":125065,"href":"https:\/\/www.fuldaernachrichten.de\/index.php?rest_route=\/wp\/v2\/posts\/125057\/revisions\/125065"}],"wp:attachment":[{"href":"https:\/\/www.fuldaernachrichten.de\/index.php?rest_route=%2Fwp%2Fv2%2Fmedia&parent=125057"}],"wp:term":[{"taxonomy":"category","embeddable":true,"href":"https:\/\/www.fuldaernachrichten.de\/index.php?rest_route=%2Fwp%2Fv2%2Fcategories&post=125057"},{"taxonomy":"post_tag","embeddable":true,"href":"https:\/\/www.fuldaernachrichten.de\/index.php?rest_route=%2Fwp%2Fv2%2Ftags&post=125057"}],"curies":[{"name":"wp","href":"https:\/\/api.w.org\/{rel}","templated":true}]}}