{"id":124921,"date":"2014-06-06T00:13:44","date_gmt":"2014-06-06T00:13:44","guid":{"rendered":"http:\/\/www.fuldaer-nachrichten.de\/?p=124921"},"modified":"2014-06-05T15:12:39","modified_gmt":"2014-06-05T15:12:39","slug":"die-kinder-des-evangelischen-kindergarten-mauerwiese-schluechtern-entdecken-mit-tegut-die-ernaehrungspyramide","status":"publish","type":"post","link":"https:\/\/www.fuldaernachrichten.de\/?p=124921","title":{"rendered":"Die Kinder des Evangelischen Kindergarten Mauerwiese Schl\u00fcchtern entdecken mit tegut\u00e2\u20ac\u00a6 die Ern\u00e4hrungspyramide"},"content":{"rendered":"<div id=\"attachment_124922\" style=\"width: 275px\" class=\"wp-caption alignleft\"><a href=\"http:\/\/www.fuldaer-nachrichten.de\/wp-content\/uploads\/2014\/06\/tegut...-Schl\u00fcchtern-gesundes-Fr\u00fchst\u00fcck.jpg\"><img decoding=\"async\" aria-describedby=\"caption-attachment-124922\" class=\"size-thumbnail wp-image-124922\" src=\"http:\/\/www.fuldaer-nachrichten.de\/wp-content\/uploads\/2014\/06\/tegut...-Schl\u00fcchtern-gesundes-Fr\u00fchst\u00fcck-265x177.jpg\" alt=\"Bildquelle: tegut\u00e2\u20ac\u00a6 Satt und zufrieden: Die Kinder des Evangelischen Kindergarten Mauerwiese wissen nun, was es mit der Ern\u00e4hrungspyramide auf sich hat.\" width=\"265\" height=\"177\" \/><\/a><p id=\"caption-attachment-124922\" class=\"wp-caption-text\">Bildquelle: tegut\u00e2\u20ac\u00a6<br \/>Satt und zufrieden: Die Kinder des Evangelischen Kindergarten Mauerwiese wissen nun, was es mit der Ern\u00e4hrungspyramide auf sich hat.<\/p><\/div>\n<p>Schl\u00fcchtern. Am 3. Juni war es soweit, die Kinder st\u00fcrmten zusammen mit ihren Erzieherinnen um zehn Uhr den tegut\u00e2\u20ac\u00a6 Markt in Schl\u00fcchtern. Denn an diesem Tag stand das gemeinsame Entdecken und Erforschen von guten Lebensmitteln auf dem Programm. \u201eWir wollen mit den Kindern das Interesse an guten Lebensmitteln als Mittel zum Leben wecken. Dazu haben wir uns einige \u00dcberraschungen ausgedacht, um auch kindergerecht Informationen und Wissen zu vermitteln\u201c, verr\u00e4t der Filialgesch\u00e4ftsf\u00fchrer Hasan Akdeniz.<!--more--><\/p>\n<p>\u201eEine ausgewogene Ern\u00e4hrung ist gerade in der Entwicklungszeit der Kinder unabdingbar. Die Erfahrungen in dem Alter pr\u00e4gen das ganze Leben. Aus diesem Grund haben wir gemeinsam die Ern\u00e4hrungspyramide nachgebaut und so den Kindern die Lebensmittelgruppen erkl\u00e4rt. Und wie der Volksmund wei\u00df, alle Theorie ist grau. Also haben wir das Gelernte gleich in die Tat umgesetzt und gemeinsam ausgewogen gefr\u00fchst\u00fcckt\u201c erg\u00e4nzt Akdeniz. Es gab M\u00fcsli, Milch und frisches Obst in Bio-Qualit\u00e4t. Und in einem waren sich die Kinder einig: Das Gelernte wollen sie gleich Mama und Papa erz\u00e4hlen, denn die sollen sich schlie\u00dflich auch gesund ern\u00e4hren. \u201eWir freuen uns, dass wir hier vor Ort nicht nur als Supermarkt f\u00fcr die Menschen da sind. Wir st\u00e4rken die Region nicht nur durch regionale Lebensmittel, sondern auch durch unser soziales Engagement\u201c, zieht Akdeniz zufrieden Bilanz.<\/p>\n","protected":false},"excerpt":{"rendered":"<div class=\"tmnf_excerpt\"><p>Schl\u00fcchtern. Am 3. Juni war es soweit, die Kinder st\u00fcrmten zusammen mit ihren Erzieherinnen um zehn Uhr den tegut\u00e2\u20ac\u00a6 Markt in Schl\u00fcchtern. Denn an diesem Tag stand das gemeinsame Entdecken und Erforschen von guten Lebensmitteln auf dem Programm. \u201eWir wollen mit den Kindern das Interesse an guten Lebensmitteln als Mittel zum Leben wecken. Dazu haben &hellip;<\/p>\n<\/div>","protected":false},"author":1,"featured_media":0,"comment_status":"closed","ping_status":"closed","sticky":false,"template":"","format":"standard","meta":{"footnotes":""},"categories":[1,37],"tags":[],"class_list":["post-124921","post","type-post","status-publish","format-standard","hentry","category-startseite","category-essen-und-trinken"],"_links":{"self":[{"href":"https:\/\/www.fuldaernachrichten.de\/index.php?rest_route=\/wp\/v2\/posts\/124921","targetHints":{"allow":["GET"]}}],"collection":[{"href":"https:\/\/www.fuldaernachrichten.de\/index.php?rest_route=\/wp\/v2\/posts"}],"about":[{"href":"https:\/\/www.fuldaernachrichten.de\/index.php?rest_route=\/wp\/v2\/types\/post"}],"author":[{"embeddable":true,"href":"https:\/\/www.fuldaernachrichten.de\/index.php?rest_route=\/wp\/v2\/users\/1"}],"replies":[{"embeddable":true,"href":"https:\/\/www.fuldaernachrichten.de\/index.php?rest_route=%2Fwp%2Fv2%2Fcomments&post=124921"}],"version-history":[{"count":1,"href":"https:\/\/www.fuldaernachrichten.de\/index.php?rest_route=\/wp\/v2\/posts\/124921\/revisions"}],"predecessor-version":[{"id":124923,"href":"https:\/\/www.fuldaernachrichten.de\/index.php?rest_route=\/wp\/v2\/posts\/124921\/revisions\/124923"}],"wp:attachment":[{"href":"https:\/\/www.fuldaernachrichten.de\/index.php?rest_route=%2Fwp%2Fv2%2Fmedia&parent=124921"}],"wp:term":[{"taxonomy":"category","embeddable":true,"href":"https:\/\/www.fuldaernachrichten.de\/index.php?rest_route=%2Fwp%2Fv2%2Fcategories&post=124921"},{"taxonomy":"post_tag","embeddable":true,"href":"https:\/\/www.fuldaernachrichten.de\/index.php?rest_route=%2Fwp%2Fv2%2Ftags&post=124921"}],"curies":[{"name":"wp","href":"https:\/\/api.w.org\/{rel}","templated":true}]}}