{"id":124826,"date":"2014-06-04T00:20:24","date_gmt":"2014-06-04T00:20:24","guid":{"rendered":"http:\/\/www.fuldaer-nachrichten.de\/?p=124826"},"modified":"2014-06-03T15:34:29","modified_gmt":"2014-06-03T15:34:29","slug":"angehende-werkstattpaedagogen-besuchten-produktionsschule-gruemel","status":"publish","type":"post","link":"https:\/\/www.fuldaernachrichten.de\/?p=124826","title":{"rendered":"Angehende Werkstattp\u00e4dagogen besuchten Produktionsschule Gr\u00fcmel"},"content":{"rendered":"<p><a href=\"http:\/\/www.fuldaer-nachrichten.de\/wp-content\/uploads\/2014\/06\/Fortbildung-Werkstattp\u00e4dagogen.jpg\"><img fetchpriority=\"high\" decoding=\"async\" class=\"alignleft size-thumbnail wp-image-124827\" src=\"http:\/\/www.fuldaer-nachrichten.de\/wp-content\/uploads\/2014\/06\/Fortbildung-Werkstattp\u00e4dagogen-265x198.jpg\" alt=\"Fortbildung Werkstattp\u00e4dagogen\" width=\"265\" height=\"198\" \/><\/a>Fulda. Die Teilnehmer der bundesweiten Fortbildungsreihe zum Werkstattp\u00e4dagogen des Bundesverbandes Produktionsschulen besuchten die Produktionsschule Gr\u00fcmel. Der Besuch war Teil des in Kassel stattfindenden Workshops \u201eAuftr\u00e4ge, Produkte, Dienstleistungen einer Produktionsschule\u201c. Im Rahmen der Fortbildung von Fachkr\u00e4ften in Produktionsschulen werden Ausbilder und Anleiter in 9 unterschiedlichen Bausteinen im Bereich Beruflicher F\u00f6rderp\u00e4dagogik geschult. Insgesamt hat die Fortbildung einen Umfang von 360 Stunden, die sich sowohl aus Seminarpr\u00e4senz als auch aus der Erarbeitung von Studienaufgaben zwischen den einzelnen Modulen zusammensetzen.<!--more--><\/p>\n<p>Der Leiter der Produktionsschule Gr\u00fcmel Tobias Leibold, selbst ausgebildeter Werkstattp\u00e4dagoge dieser Fortbildungsreihe, und die zust\u00e4ndigen Sozialp\u00e4dagoginnen Jara Hainer und Susanne Flamme-Br\u00fcne, gew\u00e4hrten gemeinsam mit den jungen Mitarbeitern Einblicke in den betriebsnahen, produktionsorientierten Alltag der Holzwerkstatt. Die Jugendlichen im Alter zwischen 16 und 25 Jahren sollen im Werkstattalltag Schl\u00fcsselqualifikationen, wie Zuverl\u00e4ssigkeit, P\u00fcnktlichkeit, Verbindlichkeit und Ausdauer sowie handwerkliche F\u00e4higkeiten erwerben und festigen. In der Holzwerkstatt der Produktionsschule werden einfache Produkte rund um den Werkstoff Holz, wie z.B. Regale oder einfache M\u00f6bel hergestellt, als Dienstleistung wird das Aufarbeiten von Gartenm\u00f6beln aus Holz incl. Abhol- und Bringservice angeboten. \u00dcber reale Kundenauftr\u00e4ge erfahren die Jugendlichen eine Wertsch\u00e4tzung ihrer Arbeit, dies st\u00e4rkt ihr Selbstwertgef\u00fchl und steigert die Motivation.<\/p>\n<p>Oberstes Ziel ist die pers\u00f6nliche Stabilisierung der Jugendlichen, im g\u00fcnstigen Fall der \u00dcbergang in eine Ausbildung oder Besch\u00e4ftigung. Zur beruflichen Orientierung k\u00f6nnen die Jugendlichen in Partnerbetrieben, wie der Firma BMB-M\u00f6belschreinerei Balzer in Zell, in verschiedenen Abteilungen der Fa. Gr\u00fcmel und in regionalen Betrieben Praktika absolvieren. Die Jugendlichen erfahren w\u00e4hrend ihres Aufenthalts in der Produktionsschule sozialp\u00e4dagogische Begleitung und Unterst\u00fctzung in Fragen des pers\u00f6nlichen Lebensalltags, z.B. bei Sucht- oder Schuldenproblematiken. Zus\u00e4tzlich zum Werkstattalltag gibt es St\u00fctzunterricht in Deutsch, Mathematik, EDV sowie Angebote im allgemeinbildenden und kulturellen Bereich, Teamtraining und Bewerbungstraining. Durch verschiedene Angebote und Rituale, wie gemeinsam vorbereitete Fr\u00fchst\u00fcckspausen, Geburtstagsfeiern, Verabschiedungen, Morgen- und Abschlussrunden werden den Jugendlichen Strukturen gegeben, die ein St\u00fcck Heimat vermitteln sollen.<\/p>\n<p>Produktionsschulen sind Anfang der 80er Jahre in D\u00e4nemark entstanden und seit einiger Zeit auch in Deutschland ein wirksames p\u00e4dagogisches Modell zur Nutzung von Arbeits- und Produktionsprozessen f\u00fcr die F\u00f6rderung und Kompetenzentwicklung benachteiligter Jugendlicher. Dank finanzieller F\u00f6rderung durch den Europ\u00e4ischen Sozialfonds, das Kreisjobcenter Landkreis Fulda, das Land Hessen und die Stadt Fulda kann Gr\u00fcmel derzeit in der Produktionsschule 12 Pl\u00e4tze anbieten. Weitere Informationen zu Produktionsschulen unter: www.bv-produktionsschulen.de und zu Gr\u00fcmel unter: www.gruemel.de.<\/p>\n<p>&nbsp;<\/p>\n","protected":false},"excerpt":{"rendered":"<div class=\"tmnf_excerpt\"><p>Fulda. Die Teilnehmer der bundesweiten Fortbildungsreihe zum Werkstattp\u00e4dagogen des Bundesverbandes Produktionsschulen besuchten die Produktionsschule Gr\u00fcmel. Der Besuch war Teil des in Kassel stattfindenden Workshops \u201eAuftr\u00e4ge, Produkte, Dienstleistungen einer Produktionsschule\u201c. Im Rahmen der Fortbildung von Fachkr\u00e4ften in Produktionsschulen werden Ausbilder und Anleiter in 9 unterschiedlichen Bausteinen im Bereich Beruflicher F\u00f6rderp\u00e4dagogik geschult. Insgesamt hat die Fortbildung einen &hellip;<\/p>\n<\/div>","protected":false},"author":1,"featured_media":0,"comment_status":"closed","ping_status":"closed","sticky":false,"template":"","format":"standard","meta":{"footnotes":""},"categories":[1,53],"tags":[],"class_list":["post-124826","post","type-post","status-publish","format-standard","hentry","category-startseite","category-bildung"],"_links":{"self":[{"href":"https:\/\/www.fuldaernachrichten.de\/index.php?rest_route=\/wp\/v2\/posts\/124826","targetHints":{"allow":["GET"]}}],"collection":[{"href":"https:\/\/www.fuldaernachrichten.de\/index.php?rest_route=\/wp\/v2\/posts"}],"about":[{"href":"https:\/\/www.fuldaernachrichten.de\/index.php?rest_route=\/wp\/v2\/types\/post"}],"author":[{"embeddable":true,"href":"https:\/\/www.fuldaernachrichten.de\/index.php?rest_route=\/wp\/v2\/users\/1"}],"replies":[{"embeddable":true,"href":"https:\/\/www.fuldaernachrichten.de\/index.php?rest_route=%2Fwp%2Fv2%2Fcomments&post=124826"}],"version-history":[{"count":1,"href":"https:\/\/www.fuldaernachrichten.de\/index.php?rest_route=\/wp\/v2\/posts\/124826\/revisions"}],"predecessor-version":[{"id":124828,"href":"https:\/\/www.fuldaernachrichten.de\/index.php?rest_route=\/wp\/v2\/posts\/124826\/revisions\/124828"}],"wp:attachment":[{"href":"https:\/\/www.fuldaernachrichten.de\/index.php?rest_route=%2Fwp%2Fv2%2Fmedia&parent=124826"}],"wp:term":[{"taxonomy":"category","embeddable":true,"href":"https:\/\/www.fuldaernachrichten.de\/index.php?rest_route=%2Fwp%2Fv2%2Fcategories&post=124826"},{"taxonomy":"post_tag","embeddable":true,"href":"https:\/\/www.fuldaernachrichten.de\/index.php?rest_route=%2Fwp%2Fv2%2Ftags&post=124826"}],"curies":[{"name":"wp","href":"https:\/\/api.w.org\/{rel}","templated":true}]}}