{"id":124824,"date":"2014-06-04T00:13:00","date_gmt":"2014-06-04T00:13:00","guid":{"rendered":"http:\/\/www.fuldaer-nachrichten.de\/?p=124824"},"modified":"2014-06-03T15:33:07","modified_gmt":"2014-06-03T15:33:07","slug":"arbeitsagentur-informiert-ueber-freiwilligendienste-au-pair-work-travel","status":"publish","type":"post","link":"https:\/\/www.fuldaernachrichten.de\/?p=124824","title":{"rendered":"Arbeitsagentur informiert \u00fcber Freiwilligendienste, Au Pair, Work &#038; Travel"},"content":{"rendered":"<p>Fulda. Auslandserfahrung, Fremdsprachenkenntnisse, Wissen \u00fcber andere L\u00e4nder,aber auch Sensibilit\u00e4t im Umgang mit anderen Kulturen und Mentalit\u00e4ten werden zunehmend wichtiger. Besonders in der Zeit zwischen Schulausbildung und dem Einstieg in einen neuen Ausbildungsabschnitt bieten sich f\u00fcr junge Leute vielf\u00e4ltige M\u00f6glichkeiten, in einem Praktikum oder beim Jobben Erfahrungen im Ausland zu sammeln. Freiwilligendienste, Au Pair, ZAV-Programme (z.B. Epcot-Center Florida, \u201eTim Hortons\u201c Kana-da), Leonardo da Vinci, Work &amp; Travel und vieles mehr sind Thema am Donnerstag, 12. Juni, in der Agentur f\u00fcr Arbeit in Fulda. Michaela Strunz von der ZAV Frankfurt informiert Interessierte von 15 bis 16 Uhr im Berufsinformationszentrum (BiZ), Eingang Gambettagasse. Eine Anmeldung<br \/>\nzu der Veranstaltung ist nicht notwendig.<\/p>\n","protected":false},"excerpt":{"rendered":"<div class=\"tmnf_excerpt\"><p>Fulda. Auslandserfahrung, Fremdsprachenkenntnisse, Wissen \u00fcber andere L\u00e4nder,aber auch Sensibilit\u00e4t im Umgang mit anderen Kulturen und Mentalit\u00e4ten werden zunehmend wichtiger. Besonders in der Zeit zwischen Schulausbildung und dem Einstieg in einen neuen Ausbildungsabschnitt bieten sich f\u00fcr junge Leute vielf\u00e4ltige M\u00f6glichkeiten, in einem Praktikum oder beim Jobben Erfahrungen im Ausland zu sammeln. Freiwilligendienste, Au Pair, ZAV-Programme (z.B. &hellip;<\/p>\n<\/div>","protected":false},"author":1,"featured_media":0,"comment_status":"closed","ping_status":"closed","sticky":false,"template":"","format":"standard","meta":{"footnotes":""},"categories":[1,53],"tags":[],"class_list":["post-124824","post","type-post","status-publish","format-standard","hentry","category-startseite","category-bildung"],"_links":{"self":[{"href":"https:\/\/www.fuldaernachrichten.de\/index.php?rest_route=\/wp\/v2\/posts\/124824","targetHints":{"allow":["GET"]}}],"collection":[{"href":"https:\/\/www.fuldaernachrichten.de\/index.php?rest_route=\/wp\/v2\/posts"}],"about":[{"href":"https:\/\/www.fuldaernachrichten.de\/index.php?rest_route=\/wp\/v2\/types\/post"}],"author":[{"embeddable":true,"href":"https:\/\/www.fuldaernachrichten.de\/index.php?rest_route=\/wp\/v2\/users\/1"}],"replies":[{"embeddable":true,"href":"https:\/\/www.fuldaernachrichten.de\/index.php?rest_route=%2Fwp%2Fv2%2Fcomments&post=124824"}],"version-history":[{"count":1,"href":"https:\/\/www.fuldaernachrichten.de\/index.php?rest_route=\/wp\/v2\/posts\/124824\/revisions"}],"predecessor-version":[{"id":124825,"href":"https:\/\/www.fuldaernachrichten.de\/index.php?rest_route=\/wp\/v2\/posts\/124824\/revisions\/124825"}],"wp:attachment":[{"href":"https:\/\/www.fuldaernachrichten.de\/index.php?rest_route=%2Fwp%2Fv2%2Fmedia&parent=124824"}],"wp:term":[{"taxonomy":"category","embeddable":true,"href":"https:\/\/www.fuldaernachrichten.de\/index.php?rest_route=%2Fwp%2Fv2%2Fcategories&post=124824"},{"taxonomy":"post_tag","embeddable":true,"href":"https:\/\/www.fuldaernachrichten.de\/index.php?rest_route=%2Fwp%2Fv2%2Ftags&post=124824"}],"curies":[{"name":"wp","href":"https:\/\/api.w.org\/{rel}","templated":true}]}}