{"id":124816,"date":"2014-06-04T00:14:54","date_gmt":"2014-06-04T00:14:54","guid":{"rendered":"http:\/\/www.fuldaer-nachrichten.de\/?p=124816"},"modified":"2014-06-03T15:27:00","modified_gmt":"2014-06-03T15:27:00","slug":"kjg-bereitet-sommerprogramm-2014-vor","status":"publish","type":"post","link":"https:\/\/www.fuldaernachrichten.de\/?p=124816","title":{"rendered":"KjG bereitet Sommerprogramm 2014 vor"},"content":{"rendered":"<p><a href=\"http:\/\/www.fuldaer-nachrichten.de\/wp-content\/uploads\/2014\/06\/IMG_1424.jpg\"><img fetchpriority=\"high\" decoding=\"async\" class=\"alignleft size-thumbnail wp-image-124817\" src=\"http:\/\/www.fuldaer-nachrichten.de\/wp-content\/uploads\/2014\/06\/IMG_1424-265x198.jpg\" alt=\"IMG_1424\" width=\"265\" height=\"198\" srcset=\"https:\/\/www.fuldaernachrichten.de\/wp-content\/uploads\/2014\/06\/IMG_1424-265x198.jpg 265w, https:\/\/www.fuldaernachrichten.de\/wp-content\/uploads\/2014\/06\/IMG_1424.jpg 600w\" sizes=\"(max-width: 265px) 100vw, 265px\" \/><\/a>Fulda. Die Sommerferien liegen noch ein paar Wochen in der Zukunft und dennoch liefen in den vergangenen Tagen schon die ersten Vorbereitungen f\u00fcr das Ferienprogramm der Katholischen jungen Gemeinde Fulda (KjG) an. Im letzten Jahr waren mehr als 100 Kinder und Jugendliche mit dem Verband auf Zeltlagern oder Hausfreizeiten in ganz Deutschland unterwegs. Diese Freizeiten werden jeweils von einem ehrenamtlichen Betreuerteam bestehend aus Sch\u00fclern und Studenten begleitet. Beim allj\u00e4hrlichen so genannten Planlager der KjG im Thomas Morus Haus bei Hilders kamen alle Betreuerteams der Ferienfreizeiten zusammen, um die Planungen und Vorbereitungen der verschiedenen Angebote voranzutreiben.<!--more--><\/p>\n<p>Au\u00dferdem steht die Qualifizierung der Ehrenamtlichen im Mittelpunkt. So m\u00fcssen alle Betreuer der KjG an einer Schulung im rechtlichen Bereich und zum Thema Erste Hilfe teilnehmen. In diesem Jahr waren 30 junge Erwachsene im Alter von 16 bis 27 Jahren mit dabei. Bei den Ferienfreizeiten der KjG im Sommer sind noch Pl\u00e4tze f\u00fcr Kinder und Jugendliche frei, weshalb eine Anmeldung weiterhin m\u00f6glich ist. Wer also noch keine Pl\u00e4ne gemacht hat oder gerade dabei ist, sollte schnell zugreifen. Informationen zu den Zeltlagern, Jugendangeboten und Hausfreizeiten gibt es bei der KjG Di\u00f6zesanstelle Fulda, Tel. 0661-87462, <a href=\"mailto:kjg@bistum-fulda.de\">kjg@bistum-fulda.de<\/a> oder unter <a href=\"http:\/\/www.kjg-fulda.de\/\">www.kjg-fulda.de<\/a>.<\/p>\n<p>&nbsp;<\/p>\n<p>&nbsp;<\/p>\n","protected":false},"excerpt":{"rendered":"<div class=\"tmnf_excerpt\"><p>Fulda. Die Sommerferien liegen noch ein paar Wochen in der Zukunft und dennoch liefen in den vergangenen Tagen schon die ersten Vorbereitungen f\u00fcr das Ferienprogramm der Katholischen jungen Gemeinde Fulda (KjG) an. Im letzten Jahr waren mehr als 100 Kinder und Jugendliche mit dem Verband auf Zeltlagern oder Hausfreizeiten in ganz Deutschland unterwegs. Diese Freizeiten &hellip;<\/p>\n<\/div>","protected":false},"author":1,"featured_media":0,"comment_status":"closed","ping_status":"closed","sticky":false,"template":"","format":"standard","meta":{"footnotes":""},"categories":[1,50],"tags":[],"class_list":["post-124816","post","type-post","status-publish","format-standard","hentry","category-startseite","category-kirche"],"_links":{"self":[{"href":"https:\/\/www.fuldaernachrichten.de\/index.php?rest_route=\/wp\/v2\/posts\/124816","targetHints":{"allow":["GET"]}}],"collection":[{"href":"https:\/\/www.fuldaernachrichten.de\/index.php?rest_route=\/wp\/v2\/posts"}],"about":[{"href":"https:\/\/www.fuldaernachrichten.de\/index.php?rest_route=\/wp\/v2\/types\/post"}],"author":[{"embeddable":true,"href":"https:\/\/www.fuldaernachrichten.de\/index.php?rest_route=\/wp\/v2\/users\/1"}],"replies":[{"embeddable":true,"href":"https:\/\/www.fuldaernachrichten.de\/index.php?rest_route=%2Fwp%2Fv2%2Fcomments&post=124816"}],"version-history":[{"count":1,"href":"https:\/\/www.fuldaernachrichten.de\/index.php?rest_route=\/wp\/v2\/posts\/124816\/revisions"}],"predecessor-version":[{"id":124818,"href":"https:\/\/www.fuldaernachrichten.de\/index.php?rest_route=\/wp\/v2\/posts\/124816\/revisions\/124818"}],"wp:attachment":[{"href":"https:\/\/www.fuldaernachrichten.de\/index.php?rest_route=%2Fwp%2Fv2%2Fmedia&parent=124816"}],"wp:term":[{"taxonomy":"category","embeddable":true,"href":"https:\/\/www.fuldaernachrichten.de\/index.php?rest_route=%2Fwp%2Fv2%2Fcategories&post=124816"},{"taxonomy":"post_tag","embeddable":true,"href":"https:\/\/www.fuldaernachrichten.de\/index.php?rest_route=%2Fwp%2Fv2%2Ftags&post=124816"}],"curies":[{"name":"wp","href":"https:\/\/api.w.org\/{rel}","templated":true}]}}