{"id":124814,"date":"2014-06-04T00:12:30","date_gmt":"2014-06-04T00:12:30","guid":{"rendered":"http:\/\/www.fuldaer-nachrichten.de\/?p=124814"},"modified":"2014-06-03T15:25:43","modified_gmt":"2014-06-03T15:25:43","slug":"tag-des-rauchmelders-am-13-juni-alarm-kann-leben-retten","status":"publish","type":"post","link":"https:\/\/www.fuldaernachrichten.de\/?p=124814","title":{"rendered":"Tag des Rauchmelders am 13. Juni \u2013 Alarm kann Leben retten"},"content":{"rendered":"<p>Fulda. Zum bundesweiten Tag des Rauchmelders am 13. Juni machen die Malteser Fulda auf das m\u00f6glicherweise lebensrettende kleine Ger\u00e4t aufmerksam. \u201eIn Kombination mit unserem Hausnotrufger\u00e4t sorgt der Rauchmelder gerade bei \u00e4lteren Menschen f\u00fcr doppelte Sicherheit in den eigenen vier W\u00e4nden\u201c, erkl\u00e4rt Bernd Odenwald von den Maltesern.<!--more--><\/p>\n<p>Die meisten Brandopfer verungl\u00fccken nachts in den eigenen vier W\u00e4nden \u2013 laut Forum Brandrauchpr\u00e4vention e.V. sind es rund 70 Prozent. Gef\u00e4hrlich sei dabei nicht so sehr das Feuer, sondern vielmehr der Rauch. 95 Prozent der Brandtoten sterben an den Folgen einer Rauchvergiftung.<\/p>\n<p>Fast jeder zehnte ausgel\u00f6ste Notruf eines Rauchmelders im Hausnotruf-Service der Malteser hat im Jahr 2013 zu einem Einsatz der Feuerwehr gef\u00fchrt. Zwar sind die meisten Anrufe Folge von Dampf und Rauch nach kleineren Missgeschicken in der K\u00fcche und damit schnell per Telefon gekl\u00e4rt. \u201eDoch wenn wir Zweifel haben, ob unsere Kunden die Situation im Griff haben oder es eindeutig einen Brand gibt, melden wir das sofort der \u00f6rtlichen Feuerwehr, die dann zum Haus f\u00e4hrt\u201c, sagt Bernd Odenwald.<\/p>\n<p>Bundesweit hat die Hilfsorganisation fast 3.000 Rauchmelder direkt mit ihrer Hausnotrufzentrale verbunden. Vor allem \u00e4ltere, kranke und in ihrer Beweglichkeit stark eingeschr\u00e4nkte Menschen nutzen das Angebot. \u201eDer Alarm wird ohne Zutun der in der Wohnung lebenden Menschen ausgel\u00f6st und ist eine eindeutige Warnung\u201c, sagt Bernd Odenwald. Angesichts des meist hohen Alters der Hausnotrufkunden \u2013 75 Prozent sind \u00e4lter als 80 Jahre \u2013 ist die verl\u00e4ssliche Meldung des Problems sinnvoll und kann im Ernstfall Leben retten.<\/p>\n<p>Bei R\u00fcckfragen zum Hausnotrufger\u00e4t der Malteser steht Bernd Odenwald gerne zur Verf\u00fcgung (0661-953100, hausnotruf.fulda@malteser.org). Weitere Infos sind auch im Internet zu finden unter www.malteser-fulda.de oder www.malteser-hausnotruf.de.<\/p>\n<p>&nbsp;<\/p>\n","protected":false},"excerpt":{"rendered":"<div class=\"tmnf_excerpt\"><p>Fulda. Zum bundesweiten Tag des Rauchmelders am 13. Juni machen die Malteser Fulda auf das m\u00f6glicherweise lebensrettende kleine Ger\u00e4t aufmerksam. \u201eIn Kombination mit unserem Hausnotrufger\u00e4t sorgt der Rauchmelder gerade bei \u00e4lteren Menschen f\u00fcr doppelte Sicherheit in den eigenen vier W\u00e4nden\u201c, erkl\u00e4rt Bernd Odenwald von den Maltesern.<\/p>\n<\/div>","protected":false},"author":1,"featured_media":0,"comment_status":"closed","ping_status":"closed","sticky":false,"template":"","format":"standard","meta":{"footnotes":""},"categories":[1],"tags":[],"class_list":["post-124814","post","type-post","status-publish","format-standard","hentry","category-startseite"],"_links":{"self":[{"href":"https:\/\/www.fuldaernachrichten.de\/index.php?rest_route=\/wp\/v2\/posts\/124814","targetHints":{"allow":["GET"]}}],"collection":[{"href":"https:\/\/www.fuldaernachrichten.de\/index.php?rest_route=\/wp\/v2\/posts"}],"about":[{"href":"https:\/\/www.fuldaernachrichten.de\/index.php?rest_route=\/wp\/v2\/types\/post"}],"author":[{"embeddable":true,"href":"https:\/\/www.fuldaernachrichten.de\/index.php?rest_route=\/wp\/v2\/users\/1"}],"replies":[{"embeddable":true,"href":"https:\/\/www.fuldaernachrichten.de\/index.php?rest_route=%2Fwp%2Fv2%2Fcomments&post=124814"}],"version-history":[{"count":1,"href":"https:\/\/www.fuldaernachrichten.de\/index.php?rest_route=\/wp\/v2\/posts\/124814\/revisions"}],"predecessor-version":[{"id":124815,"href":"https:\/\/www.fuldaernachrichten.de\/index.php?rest_route=\/wp\/v2\/posts\/124814\/revisions\/124815"}],"wp:attachment":[{"href":"https:\/\/www.fuldaernachrichten.de\/index.php?rest_route=%2Fwp%2Fv2%2Fmedia&parent=124814"}],"wp:term":[{"taxonomy":"category","embeddable":true,"href":"https:\/\/www.fuldaernachrichten.de\/index.php?rest_route=%2Fwp%2Fv2%2Fcategories&post=124814"},{"taxonomy":"post_tag","embeddable":true,"href":"https:\/\/www.fuldaernachrichten.de\/index.php?rest_route=%2Fwp%2Fv2%2Ftags&post=124814"}],"curies":[{"name":"wp","href":"https:\/\/api.w.org\/{rel}","templated":true}]}}