{"id":124810,"date":"2014-06-04T00:09:02","date_gmt":"2014-06-04T00:09:02","guid":{"rendered":"http:\/\/www.fuldaer-nachrichten.de\/?p=124810"},"modified":"2014-06-03T15:13:24","modified_gmt":"2014-06-03T15:13:24","slug":"kreistierschau-will-dialog-zwischen-verbrauchern-und-erzeugern-foerdern-erstmals-greifvogelschau","status":"publish","type":"post","link":"https:\/\/www.fuldaernachrichten.de\/?p=124810","title":{"rendered":"Kreistierschau will Dialog zwischen Verbrauchern und Erzeugern f\u00f6rdern &#8211; erstmals Greifvogelschau"},"content":{"rendered":"<div id=\"attachment_124811\" style=\"width: 570px\" class=\"wp-caption alignnone\"><a href=\"http:\/\/www.fuldaer-nachrichten.de\/wp-content\/uploads\/2014\/06\/257-Kreistierschau.jpg\"><img fetchpriority=\"high\" decoding=\"async\" aria-describedby=\"caption-attachment-124811\" class=\"size-full wp-image-124811\" src=\"http:\/\/www.fuldaer-nachrichten.de\/wp-content\/uploads\/2014\/06\/257-Kreistierschau.jpg\" alt=\"Die Zahl der im Landkreis Fulda gehaltenen Fleischrinder hat in den vergangenen Jahren zugenommen. Die Palette der Rassen (hier ein mehrfach preisgekr\u00f6nter Charolais-Bulle von Rainer Hildebrand, Branders) wird bei der Kreistierschau 2014 in Melzdorf pr\u00e4sentiert.  Foto: Burkhardt \" width=\"560\" height=\"743\" \/><\/a><p id=\"caption-attachment-124811\" class=\"wp-caption-text\">Die Zahl der im Landkreis Fulda gehaltenen Fleischrinder hat in den vergangenen Jahren zugenommen. Die Palette der Rassen (hier ein mehrfach preisgekr\u00f6nter Charolais-Bulle von Rainer Hildebrand, Branders) wird bei der Kreistierschau 2014 in Melzdorf pr\u00e4sentiert.<br \/>Foto: Burkhardt<\/p><\/div>\n<p>Melzdorf. Im Landkreis Fulda gehaltene Nutztiere verschiedenster Arten und Rassen stehen im Mittelpunkt der diesj\u00e4hrigen Kreistierschau am Sonntag, 15. Juni, in Melzdorf. Diese bietet zugleich eine gute M\u00f6glichkeit, den Dialog zwischen Verbrauchern und Erzeugern in der Region zwischen Rh\u00f6n und Vogelsberg zu f\u00f6rdern.<!--more--><\/p>\n<p>Fulda z\u00e4hlt zu den drei viehst\u00e4rksten Landkreisen in Hessen. Moderne, auf das Tierwohl zugeschnittene Stallungen sind hier in den vergangenen Jahren entstanden. \u201eMiteinander statt \u00fcbereinander reden\u201c, dazu sind Z\u00fcchter und G\u00e4ste w\u00e4hrend der Veranstaltung unter der Schirmherrschaft von Landrat Bernd Woide aufgerufen. Ausrichter sind au\u00dfer dem Landkreis Fulda der Landesbetrieb Landwirtschaft Hessen (LLH) sowie der Kreisbauernverband (KBV) Fulda-H\u00fcnfeld.<\/p>\n<p>Auf der Kreistierschau pr\u00e4sentieren die Z\u00fcchtervereinigungen sowohl aus den Bereichen der Landwirtschaft als auch aus der Kleintierzucht ihren Leistungsstand. Besonders sehenswert sind die im Kreisgebiet gehaltenen Fleischrinder der Rassen Galloway, Charolais, Deutsche Angus, Limousin, Uckerm\u00e4rker, Pinzgauer und Blonde Aquitaine, deren Z\u00fcchter ihre Tiere in einer Sonderschau zeigen. Zwei Jungrindergruppen der Rassen Angus und Galloway werden im Ring vorgef\u00fchrt und durch einen Preisrichter eingestuft.<\/p>\n<p>Laut KBV-Gesch\u00e4ftsf\u00fchrer Dr. Hubert Beier wird es neben diesem Schauprogramm Vorf\u00fchrungen der Milchrinder, der Haflinger- und Isl\u00e4nder und auch der Pferdez\u00fcchter \u201eDeutsches Reitpferd\u201c geben. Mit im Boot seien zudem die Schaf- und Ziegenz\u00fcchter, Imker und Kleintierz\u00fcchter. Die Tierschaukommission habe sich wiederum um eine gute Programmausgestaltung bem\u00fcht, so Beier, der besonders auf Fachvortr\u00e4ge der Imker hinweist. Dabei gehe es um die besondere Bedeutung der Bienen bez\u00fcglich ihrer \u00f6konomischen und \u00f6kologischen Leistungen.<\/p>\n<p>Bei der Kreistierschau mit dabei sein wird der Z\u00fcchternachwuchs, wenn es gilt, im Rinder- beziehungsweise K\u00e4lberaufzuchtwettbewerb zu wetteifern, um beispielsweise ein K\u00e4lbchen zu gewinnen und dieses in den elterlichen Stall zu f\u00fchren. F\u00fcr Kinderbelustigung sorgt die Hessische Landjugend. Der LLH mit seiner Fachschule f\u00fcr Betriebswirtschaft der Fachrichtung Agrarwirtschaft in Fulda werde unter anderem \u00fcber Bildungs- und Beratungsm\u00f6glichkeiten in der Landwirtschaft informieren, wie dessen Leiter Martin Grenzebach erkl\u00e4rte.<\/p>\n<p>Das \u201eRh\u00f6ner K\u00e4seprojekt\u201c, das auf dem Stand des Biosph\u00e4renreservats Rh\u00f6n vorgestellt wird, d\u00fcrfte ein weiterer Anziehungspunkt f\u00fcr die Besucher werden. Hier bietet man verschiedene leckere K\u00e4sesorten an. Daneben pr\u00e4sentiert sich das Projekt \u201eRh\u00f6ner Biosph\u00e4renrind\u201c in Kooperation mit der \u201eKurhessischen Fleischwaren\u201c (KFF). Grundlage der Rindfleischproduktion in der Rh\u00f6n sind die auf der Kreistierschau pr\u00e4sentierten Fleischrinder.<\/p>\n<p>Die Landwirtschaft im Landkreis Fulda hat sich seit vielen Jahren dem Verbraucher ge\u00f6ffnet, was auch an dem Info-Stand \u201eBauernhof als Klassenzimmer\u201c zu erfahren ist. Eine breite Palette an landwirtschaftlichen Fahrzeugen und Ger\u00e4ten werden heimische Landmaschinenh\u00e4ndler, die landwirtschaftlichen Lohnunternehmer und solche aus der Tierzucht sowie Tierhaltung ausstellen. Die Zucht- und Besamungsunion Hessen ist mit einem eigenen Stand vertreten, und die Tiernahrungsmittelbranche erl\u00e4utert Ver\u00e4nderungen auf dem Futtermittelmarkt in letzter Zeit.<\/p>\n<p>Erstmalig auf einer Kreistierschau pr\u00e4sentiert der Falkner Michael Schanze einige seiner Greifv\u00f6gel. Die Vereinsgemeinschaft Almendorf steht wiederum bereit, die Verk\u00f6stigung der zahlreich erwarteten Besucher zu \u00fcbernehmen.<\/p>\n<p>&nbsp;<\/p>\n","protected":false},"excerpt":{"rendered":"<div class=\"tmnf_excerpt\"><p>Melzdorf. Im Landkreis Fulda gehaltene Nutztiere verschiedenster Arten und Rassen stehen im Mittelpunkt der diesj\u00e4hrigen Kreistierschau am Sonntag, 15. Juni, in Melzdorf. Diese bietet zugleich eine gute M\u00f6glichkeit, den Dialog zwischen Verbrauchern und Erzeugern in der Region zwischen Rh\u00f6n und Vogelsberg zu f\u00f6rdern.<\/p>\n<\/div>","protected":false},"author":1,"featured_media":0,"comment_status":"closed","ping_status":"closed","sticky":false,"template":"","format":"standard","meta":{"footnotes":""},"categories":[1,78],"tags":[],"class_list":["post-124810","post","type-post","status-publish","format-standard","hentry","category-startseite","category-topthema"],"_links":{"self":[{"href":"https:\/\/www.fuldaernachrichten.de\/index.php?rest_route=\/wp\/v2\/posts\/124810","targetHints":{"allow":["GET"]}}],"collection":[{"href":"https:\/\/www.fuldaernachrichten.de\/index.php?rest_route=\/wp\/v2\/posts"}],"about":[{"href":"https:\/\/www.fuldaernachrichten.de\/index.php?rest_route=\/wp\/v2\/types\/post"}],"author":[{"embeddable":true,"href":"https:\/\/www.fuldaernachrichten.de\/index.php?rest_route=\/wp\/v2\/users\/1"}],"replies":[{"embeddable":true,"href":"https:\/\/www.fuldaernachrichten.de\/index.php?rest_route=%2Fwp%2Fv2%2Fcomments&post=124810"}],"version-history":[{"count":1,"href":"https:\/\/www.fuldaernachrichten.de\/index.php?rest_route=\/wp\/v2\/posts\/124810\/revisions"}],"predecessor-version":[{"id":124812,"href":"https:\/\/www.fuldaernachrichten.de\/index.php?rest_route=\/wp\/v2\/posts\/124810\/revisions\/124812"}],"wp:attachment":[{"href":"https:\/\/www.fuldaernachrichten.de\/index.php?rest_route=%2Fwp%2Fv2%2Fmedia&parent=124810"}],"wp:term":[{"taxonomy":"category","embeddable":true,"href":"https:\/\/www.fuldaernachrichten.de\/index.php?rest_route=%2Fwp%2Fv2%2Fcategories&post=124810"},{"taxonomy":"post_tag","embeddable":true,"href":"https:\/\/www.fuldaernachrichten.de\/index.php?rest_route=%2Fwp%2Fv2%2Ftags&post=124810"}],"curies":[{"name":"wp","href":"https:\/\/api.w.org\/{rel}","templated":true}]}}