{"id":124804,"date":"2014-06-04T00:10:35","date_gmt":"2014-06-04T00:10:35","guid":{"rendered":"http:\/\/www.fuldaer-nachrichten.de\/?p=124804"},"modified":"2014-06-03T15:08:18","modified_gmt":"2014-06-03T15:08:18","slug":"k-25-strassenbauarbeiten-zwischen-hofbieberbieberstein-und-abzweig-l-3330","status":"publish","type":"post","link":"https:\/\/www.fuldaernachrichten.de\/?p=124804","title":{"rendered":"K 25: Stra\u00dfenbauarbeiten zwischen Hofbieber\/Bieberstein und Abzweig L 3330"},"content":{"rendered":"<p><a href=\"http:\/\/www.fuldaer-nachrichten.de\/wp-content\/uploads\/2014\/06\/Mail-Anhang.gif\"><img fetchpriority=\"high\" decoding=\"async\" class=\"alignleft size-full wp-image-124805\" src=\"http:\/\/www.fuldaer-nachrichten.de\/wp-content\/uploads\/2014\/06\/Mail-Anhang.gif\" alt=\"Mail-Anhang\" width=\"239\" height=\"259\" \/><\/a>Hofbieber. Derzeit erfolgen Arbeiten zur Erneuerung der Fahrbahndecke auf der K 25 zwischen Hofbieber\/Weihershof und Hofbieber\/Bieberstein. Ab kommenden Freitag, den 06. Juni 2014 werden die Arbeiten zwischen Hofbieber\/Bieberstein und dem Abzweig L 3330\u00c2\u00a0 ebenfalls unter Vollsperrung fortgef\u00fchrt. Der Streckenabschnitt zwischen Weihershof und Bieberstein ist f\u00fcr Anlieger dann wieder befahrbar. Die bereits bestehende Umleitungsstrecke \u00fcber die L 3174 nach Hofbieber, von dort \u00fcber die L 3258 nach Langenbieber und dann schlie\u00dflich auf die L 3330, sowie in umgekehrter Richtung bleibt daher voraussichtlich bis zum 04. Juli 2014 weiter eingerichtet.<\/p>\n","protected":false},"excerpt":{"rendered":"<div class=\"tmnf_excerpt\"><p>Hofbieber. Derzeit erfolgen Arbeiten zur Erneuerung der Fahrbahndecke auf der K 25 zwischen Hofbieber\/Weihershof und Hofbieber\/Bieberstein. Ab kommenden Freitag, den 06. Juni 2014 werden die Arbeiten zwischen Hofbieber\/Bieberstein und dem Abzweig L 3330\u00c2\u00a0 ebenfalls unter Vollsperrung fortgef\u00fchrt. Der Streckenabschnitt zwischen Weihershof und Bieberstein ist f\u00fcr Anlieger dann wieder befahrbar. Die bereits bestehende Umleitungsstrecke \u00fcber die &hellip;<\/p>\n<\/div>","protected":false},"author":1,"featured_media":0,"comment_status":"closed","ping_status":"closed","sticky":false,"template":"","format":"standard","meta":{"footnotes":""},"categories":[1,35],"tags":[],"class_list":["post-124804","post","type-post","status-publish","format-standard","hentry","category-startseite","category-auto"],"_links":{"self":[{"href":"https:\/\/www.fuldaernachrichten.de\/index.php?rest_route=\/wp\/v2\/posts\/124804","targetHints":{"allow":["GET"]}}],"collection":[{"href":"https:\/\/www.fuldaernachrichten.de\/index.php?rest_route=\/wp\/v2\/posts"}],"about":[{"href":"https:\/\/www.fuldaernachrichten.de\/index.php?rest_route=\/wp\/v2\/types\/post"}],"author":[{"embeddable":true,"href":"https:\/\/www.fuldaernachrichten.de\/index.php?rest_route=\/wp\/v2\/users\/1"}],"replies":[{"embeddable":true,"href":"https:\/\/www.fuldaernachrichten.de\/index.php?rest_route=%2Fwp%2Fv2%2Fcomments&post=124804"}],"version-history":[{"count":1,"href":"https:\/\/www.fuldaernachrichten.de\/index.php?rest_route=\/wp\/v2\/posts\/124804\/revisions"}],"predecessor-version":[{"id":124806,"href":"https:\/\/www.fuldaernachrichten.de\/index.php?rest_route=\/wp\/v2\/posts\/124804\/revisions\/124806"}],"wp:attachment":[{"href":"https:\/\/www.fuldaernachrichten.de\/index.php?rest_route=%2Fwp%2Fv2%2Fmedia&parent=124804"}],"wp:term":[{"taxonomy":"category","embeddable":true,"href":"https:\/\/www.fuldaernachrichten.de\/index.php?rest_route=%2Fwp%2Fv2%2Fcategories&post=124804"},{"taxonomy":"post_tag","embeddable":true,"href":"https:\/\/www.fuldaernachrichten.de\/index.php?rest_route=%2Fwp%2Fv2%2Ftags&post=124804"}],"curies":[{"name":"wp","href":"https:\/\/api.w.org\/{rel}","templated":true}]}}