{"id":124800,"date":"2014-06-04T00:13:51","date_gmt":"2014-06-04T00:13:51","guid":{"rendered":"http:\/\/www.fuldaer-nachrichten.de\/?p=124800"},"modified":"2014-06-03T15:05:42","modified_gmt":"2014-06-03T15:05:42","slug":"erfolgreiche-veranstaltung-8-wundtag-am-klinikum-fulda","status":"publish","type":"post","link":"https:\/\/www.fuldaernachrichten.de\/?p=124800","title":{"rendered":"Erfolgreiche Veranstaltung: 8. Wundtag am Klinikum Fulda"},"content":{"rendered":"<p><a href=\"http:\/\/www.fuldaer-nachrichten.de\/wp-content\/uploads\/2014\/06\/Prof.-Radziwill_8.-Wundtag_P1030440.jpg\"><img fetchpriority=\"high\" decoding=\"async\" class=\"alignleft size-thumbnail wp-image-124802\" src=\"http:\/\/www.fuldaer-nachrichten.de\/wp-content\/uploads\/2014\/06\/Prof.-Radziwill_8.-Wundtag_P1030440-265x198.jpg\" alt=\"Prof. Radziwill_8. Wundtag_P1030440\" width=\"265\" height=\"198\" srcset=\"https:\/\/www.fuldaernachrichten.de\/wp-content\/uploads\/2014\/06\/Prof.-Radziwill_8.-Wundtag_P1030440-265x198.jpg 265w, https:\/\/www.fuldaernachrichten.de\/wp-content\/uploads\/2014\/06\/Prof.-Radziwill_8.-Wundtag_P1030440.jpg 600w\" sizes=\"(max-width: 265px) 100vw, 265px\" \/><\/a>Fulda. Erfolgreiche Veranstaltung mit vielen Teilnehmern. Der 8. Wundtag des Klinikums Fulda ist erneut auf eine gro\u00dfe Resonanz bei der angesprochenen Fach\u00f6ffentlichkeit gesto\u00dfen. Die Gelegenheit zum fachlichen Austausch wird gerne angenommen. Der regelm\u00e4\u00dfig stattfindende Wundkongress bietet \u00c4rzten und Pflegekr\u00e4fte aus dem ambulanten Bereich sowie dem Klinikum Fulda die Gelegenheit, sich \u00fcber die M\u00f6glichkeiten der modernen Wundversorgung zu informieren. Zahlreiche Teilnehmer folgten der Einladung von Prof. Dr. rer. nat. Roland Radziwill (Direktor der Apotheke). \u201eIn diesem Jahr haben wir eine Steigerung der Teilnehmerzahl um ca. 15 Prozent erreicht\u201c, freut sich Prof. Radziwill, der den Wundtag mit seinem Team organisiert.<!--more--><\/p>\n<p><a href=\"http:\/\/www.fuldaer-nachrichten.de\/wp-content\/uploads\/2014\/06\/Prof.-Radziwill_8.-Wundtag_DSC_5021.jpg\"><img decoding=\"async\" class=\"alignleft size-thumbnail wp-image-124801\" src=\"http:\/\/www.fuldaer-nachrichten.de\/wp-content\/uploads\/2014\/06\/Prof.-Radziwill_8.-Wundtag_DSC_5021-265x175.jpg\" alt=\"Prof. Radziwill_8. Wundtag_DSC_5021\" width=\"265\" height=\"175\" srcset=\"https:\/\/www.fuldaernachrichten.de\/wp-content\/uploads\/2014\/06\/Prof.-Radziwill_8.-Wundtag_DSC_5021-265x175.jpg 265w, https:\/\/www.fuldaernachrichten.de\/wp-content\/uploads\/2014\/06\/Prof.-Radziwill_8.-Wundtag_DSC_5021.jpg 600w\" sizes=\"(max-width: 265px) 100vw, 265px\" \/><\/a>\u201eWichtig ist der Wissensabgleich gerade f\u00fcr die sektoren\u00fcbergreifend therapierten Patienten, d.h. am \u00dcbergang zwischen der Behandlung im Krankenhaus und der weiteren Behandlung durch den niedergelassenen Arzt. Denn nur so kann eine standardisiert optimale aber auch finanzierbare Wundtherapie durchgef\u00fchrt werden\u201c, so Prof. Dr. Radziwill weiter. Dieses Jahr wurde der Schwerpunkt der Veranstaltung auf der Versorgung infizierter Wunden gelegt. Neben den lokalen M\u00f6glichkeiten wurde auch auf systemische Antibiotikatherapie eingegangen. Zu Beginn der Fortbildung wurde in zwei Vortr\u00e4gen diese Problematik hinsichtlich des Ern\u00e4hrungszustandes und der Therapie aufgezeigt. Ein reger Austausch zwischen den Teilnehmern und den Experten fand auch an den Informationsst\u00e4nden in der Eingangshalle statt. Der Wundtag hat sich als j\u00e4hrliche Veranstaltung des Klinikums auf diesem Gebiet fest etabliert und soll daher auch in 2015 stattfinden.<\/p>\n","protected":false},"excerpt":{"rendered":"<div class=\"tmnf_excerpt\"><p>Fulda. Erfolgreiche Veranstaltung mit vielen Teilnehmern. Der 8. Wundtag des Klinikums Fulda ist erneut auf eine gro\u00dfe Resonanz bei der angesprochenen Fach\u00f6ffentlichkeit gesto\u00dfen. Die Gelegenheit zum fachlichen Austausch wird gerne angenommen. Der regelm\u00e4\u00dfig stattfindende Wundkongress bietet \u00c4rzten und Pflegekr\u00e4fte aus dem ambulanten Bereich sowie dem Klinikum Fulda die Gelegenheit, sich \u00fcber die M\u00f6glichkeiten der modernen &hellip;<\/p>\n<\/div>","protected":false},"author":1,"featured_media":0,"comment_status":"closed","ping_status":"closed","sticky":false,"template":"","format":"standard","meta":{"footnotes":""},"categories":[1],"tags":[],"class_list":["post-124800","post","type-post","status-publish","format-standard","hentry","category-startseite"],"_links":{"self":[{"href":"https:\/\/www.fuldaernachrichten.de\/index.php?rest_route=\/wp\/v2\/posts\/124800","targetHints":{"allow":["GET"]}}],"collection":[{"href":"https:\/\/www.fuldaernachrichten.de\/index.php?rest_route=\/wp\/v2\/posts"}],"about":[{"href":"https:\/\/www.fuldaernachrichten.de\/index.php?rest_route=\/wp\/v2\/types\/post"}],"author":[{"embeddable":true,"href":"https:\/\/www.fuldaernachrichten.de\/index.php?rest_route=\/wp\/v2\/users\/1"}],"replies":[{"embeddable":true,"href":"https:\/\/www.fuldaernachrichten.de\/index.php?rest_route=%2Fwp%2Fv2%2Fcomments&post=124800"}],"version-history":[{"count":1,"href":"https:\/\/www.fuldaernachrichten.de\/index.php?rest_route=\/wp\/v2\/posts\/124800\/revisions"}],"predecessor-version":[{"id":124803,"href":"https:\/\/www.fuldaernachrichten.de\/index.php?rest_route=\/wp\/v2\/posts\/124800\/revisions\/124803"}],"wp:attachment":[{"href":"https:\/\/www.fuldaernachrichten.de\/index.php?rest_route=%2Fwp%2Fv2%2Fmedia&parent=124800"}],"wp:term":[{"taxonomy":"category","embeddable":true,"href":"https:\/\/www.fuldaernachrichten.de\/index.php?rest_route=%2Fwp%2Fv2%2Fcategories&post=124800"},{"taxonomy":"post_tag","embeddable":true,"href":"https:\/\/www.fuldaernachrichten.de\/index.php?rest_route=%2Fwp%2Fv2%2Ftags&post=124800"}],"curies":[{"name":"wp","href":"https:\/\/api.w.org\/{rel}","templated":true}]}}