{"id":124798,"date":"2014-06-04T00:11:22","date_gmt":"2014-06-04T00:11:22","guid":{"rendered":"http:\/\/www.fuldaer-nachrichten.de\/?p=124798"},"modified":"2014-06-03T15:03:21","modified_gmt":"2014-06-03T15:03:21","slug":"altbuecherbasar-am-14-juni-in-kuenzell","status":"publish","type":"post","link":"https:\/\/www.fuldaernachrichten.de\/?p=124798","title":{"rendered":"Altb\u00fccherbasar am 14. Juni in K\u00fcnzell"},"content":{"rendered":"<p>K\u00fcnzell. Zum Altb\u00fccherbasar l\u00e4dt die Kinderhilfe Indien ein am Samstag, den\u00c2\u00a0 14. Juni ins Thomas-Morus-Haus nach K\u00fcnzell. Geboten wird eine Vielzahl gut erhaltener B\u00fccher ganz unterschiedlicher Fachrichtung. Zum Anlesen bietet die Schm\u00f6kerecke wie gewohnt Kaffee und Kuchen. Der Basar im Haus neben der Kirche ist ge\u00f6ffnet von 14 bis 16 Uhr. Der Erl\u00f6s ist f\u00fcr die Kinderhilfe Indien der Jesuiten-Mission. Das Basarteam bittet dringend, keine B\u00fccher oder Kartons im Umfeld des Thomas-Morus-Hauses abzulegen. Fragen beantwortet Marlene Diel unter Telefon 0661 \u2013 35191.<\/p>\n","protected":false},"excerpt":{"rendered":"<div class=\"tmnf_excerpt\"><p>K\u00fcnzell. Zum Altb\u00fccherbasar l\u00e4dt die Kinderhilfe Indien ein am Samstag, den\u00c2\u00a0 14. Juni ins Thomas-Morus-Haus nach K\u00fcnzell. Geboten wird eine Vielzahl gut erhaltener B\u00fccher ganz unterschiedlicher Fachrichtung. Zum Anlesen bietet die Schm\u00f6kerecke wie gewohnt Kaffee und Kuchen. Der Basar im Haus neben der Kirche ist ge\u00f6ffnet von 14 bis 16 Uhr. Der Erl\u00f6s ist f\u00fcr &hellip;<\/p>\n<\/div>","protected":false},"author":1,"featured_media":0,"comment_status":"closed","ping_status":"closed","sticky":false,"template":"","format":"standard","meta":{"footnotes":""},"categories":[1,44],"tags":[],"class_list":["post-124798","post","type-post","status-publish","format-standard","hentry","category-startseite","category-kultur"],"_links":{"self":[{"href":"https:\/\/www.fuldaernachrichten.de\/index.php?rest_route=\/wp\/v2\/posts\/124798","targetHints":{"allow":["GET"]}}],"collection":[{"href":"https:\/\/www.fuldaernachrichten.de\/index.php?rest_route=\/wp\/v2\/posts"}],"about":[{"href":"https:\/\/www.fuldaernachrichten.de\/index.php?rest_route=\/wp\/v2\/types\/post"}],"author":[{"embeddable":true,"href":"https:\/\/www.fuldaernachrichten.de\/index.php?rest_route=\/wp\/v2\/users\/1"}],"replies":[{"embeddable":true,"href":"https:\/\/www.fuldaernachrichten.de\/index.php?rest_route=%2Fwp%2Fv2%2Fcomments&post=124798"}],"version-history":[{"count":1,"href":"https:\/\/www.fuldaernachrichten.de\/index.php?rest_route=\/wp\/v2\/posts\/124798\/revisions"}],"predecessor-version":[{"id":124799,"href":"https:\/\/www.fuldaernachrichten.de\/index.php?rest_route=\/wp\/v2\/posts\/124798\/revisions\/124799"}],"wp:attachment":[{"href":"https:\/\/www.fuldaernachrichten.de\/index.php?rest_route=%2Fwp%2Fv2%2Fmedia&parent=124798"}],"wp:term":[{"taxonomy":"category","embeddable":true,"href":"https:\/\/www.fuldaernachrichten.de\/index.php?rest_route=%2Fwp%2Fv2%2Fcategories&post=124798"},{"taxonomy":"post_tag","embeddable":true,"href":"https:\/\/www.fuldaernachrichten.de\/index.php?rest_route=%2Fwp%2Fv2%2Ftags&post=124798"}],"curies":[{"name":"wp","href":"https:\/\/api.w.org\/{rel}","templated":true}]}}