{"id":124792,"date":"2014-06-04T00:10:27","date_gmt":"2014-06-04T00:10:27","guid":{"rendered":"http:\/\/www.fuldaer-nachrichten.de\/?p=124792"},"modified":"2014-06-03T14:58:21","modified_gmt":"2014-06-03T14:58:21","slug":"gesamt-werkstattrat-der-caritas-werkstaetten-auf-einladung-von-mdb-brand-von-informativen-besuch-aus-berlin-zurueck","status":"publish","type":"post","link":"https:\/\/www.fuldaernachrichten.de\/?p=124792","title":{"rendered":"Gesamt-Werkstattrat der Caritas Werkst\u00e4tten auf Einladung von MdB Brand \u2013 von informativen Besuch aus Berlin zur\u00fcck"},"content":{"rendered":"<p><a href=\"http:\/\/www.fuldaer-nachrichten.de\/wp-content\/uploads\/2014\/06\/zu-37-cs_Werkstattrat-mit-MdB-Brand_Reichstagsgeb\u00e4ude_CS0514_IMG_3315.jpg\"><img fetchpriority=\"high\" decoding=\"async\" class=\"alignleft size-thumbnail wp-image-124793\" src=\"http:\/\/www.fuldaer-nachrichten.de\/wp-content\/uploads\/2014\/06\/zu-37-cs_Werkstattrat-mit-MdB-Brand_Reichstagsgeb\u00e4ude_CS0514_IMG_3315-265x192.jpg\" alt=\"zu 37-cs_Werkstattrat mit MdB Brand_Reichstagsgeb\u00e4ude_CS0514_IMG_3315\" width=\"265\" height=\"192\" \/><\/a>Fulda, Berlin (cif). \u201eEs war informativ und in jeder Hinsicht interessant! Eine wirklich gelungene und sch\u00f6ne Reise\u201c \u2013 darin waren sich die neun Vertreter vom Werkstattrat der Caritas Werkst\u00e4tten in Fulda und Haselstein nach der R\u00fcckkehr aus Berlin einig. Auf Einladung vom Bundestagsabgeordneten Michael Brand weilte das neunk\u00f6pfige Gremium gemeinsam mit anderen Gruppen aus der Region Fulda drei Tage in der Bundeshauptstadt. Neben Begleitpersonen aus dem Kreis des Behindertenhilfe-Betreuerteams waren auch Gesamtleiter Berufswege Bernd Wystrach und Vorstandsmitglied Ansgar Erb in Berlin mit dabei, als die Gruppe im Reichstagsgeb\u00e4ude von Michael Brand empfangen wurde.<!--more--><\/p>\n<p>In einer kurzen Ansprache erl\u00e4uterte der osthessische Bundestagsabgeordnete zun\u00e4chst kurz die Arbeitsweise des Bundestages und der Fraktionen sowie seine Funktion als Abgeordneter, als Mitglied im Verteidigungsausschuss und als Vorsitzender im Ausschuss \u201eMenschenrechte und humanit\u00e4re Hilfe\u201c. Danach lud Brand zum Gespr\u00e4ch ein und er\u00f6ffnete eine offene Fragerunde f\u00fcr seine G\u00e4ste. Seitens der Werkstattratsmitglieder ging es dabei vor allem um Fragen der Inklusion und der Teilhabe an der Arbeit. In diesem Zusammenhang unterstrich Michael Brand, dass man diesbez\u00fcglich nach seiner Einsch\u00e4tzung auf einem guten Weg sei. Nat\u00fcrlich sei es f\u00fcr einige Menschen mit Behinderung immer noch schwer, in den ersten Arbeitsmarkt vermittelt zu werden. Deshalb bliebe ein gesch\u00fctzter Arbeitsmarkt auch zuk\u00fcnftig unbedingt n\u00f6tig. Jeder jedoch solle seine Chance haben, beruflich am ersten Arbeitsmarkt Fu\u00df zu fassen. Nur wo dies trotz aller Bem\u00fchungen nicht ginge, m\u00fcsse man gemeinsam nach ma\u00dfgeschneiderten Alternativen suchen.<\/p>\n","protected":false},"excerpt":{"rendered":"<div class=\"tmnf_excerpt\"><p>Fulda, Berlin (cif). \u201eEs war informativ und in jeder Hinsicht interessant! Eine wirklich gelungene und sch\u00f6ne Reise\u201c \u2013 darin waren sich die neun Vertreter vom Werkstattrat der Caritas Werkst\u00e4tten in Fulda und Haselstein nach der R\u00fcckkehr aus Berlin einig. Auf Einladung vom Bundestagsabgeordneten Michael Brand weilte das neunk\u00f6pfige Gremium gemeinsam mit anderen Gruppen aus der &hellip;<\/p>\n<\/div>","protected":false},"author":1,"featured_media":0,"comment_status":"closed","ping_status":"closed","sticky":false,"template":"","format":"standard","meta":{"footnotes":""},"categories":[1,29],"tags":[],"class_list":["post-124792","post","type-post","status-publish","format-standard","hentry","category-startseite","category-politik"],"_links":{"self":[{"href":"https:\/\/www.fuldaernachrichten.de\/index.php?rest_route=\/wp\/v2\/posts\/124792","targetHints":{"allow":["GET"]}}],"collection":[{"href":"https:\/\/www.fuldaernachrichten.de\/index.php?rest_route=\/wp\/v2\/posts"}],"about":[{"href":"https:\/\/www.fuldaernachrichten.de\/index.php?rest_route=\/wp\/v2\/types\/post"}],"author":[{"embeddable":true,"href":"https:\/\/www.fuldaernachrichten.de\/index.php?rest_route=\/wp\/v2\/users\/1"}],"replies":[{"embeddable":true,"href":"https:\/\/www.fuldaernachrichten.de\/index.php?rest_route=%2Fwp%2Fv2%2Fcomments&post=124792"}],"version-history":[{"count":1,"href":"https:\/\/www.fuldaernachrichten.de\/index.php?rest_route=\/wp\/v2\/posts\/124792\/revisions"}],"predecessor-version":[{"id":124794,"href":"https:\/\/www.fuldaernachrichten.de\/index.php?rest_route=\/wp\/v2\/posts\/124792\/revisions\/124794"}],"wp:attachment":[{"href":"https:\/\/www.fuldaernachrichten.de\/index.php?rest_route=%2Fwp%2Fv2%2Fmedia&parent=124792"}],"wp:term":[{"taxonomy":"category","embeddable":true,"href":"https:\/\/www.fuldaernachrichten.de\/index.php?rest_route=%2Fwp%2Fv2%2Fcategories&post=124792"},{"taxonomy":"post_tag","embeddable":true,"href":"https:\/\/www.fuldaernachrichten.de\/index.php?rest_route=%2Fwp%2Fv2%2Ftags&post=124792"}],"curies":[{"name":"wp","href":"https:\/\/api.w.org\/{rel}","templated":true}]}}