{"id":12475,"date":"2008-10-06T00:37:46","date_gmt":"2008-10-05T22:37:46","guid":{"rendered":"http:\/\/www.schoene-nachrichten.de\/?p=12475"},"modified":"2008-10-05T15:38:08","modified_gmt":"2008-10-05T13:38:08","slug":"betriebsbesichtigung-uewag-fuldaer-jusos-informierten-sich","status":"publish","type":"post","link":"https:\/\/www.fuldaernachrichten.de\/?p=12475","title":{"rendered":"Betriebsbesichtigung \u00dcWAG: Fuldaer Jusos informierten sich"},"content":{"rendered":"<p><a rel=\"lightbox[roadtrip]\" href=\"http:\/\/www.schoene-nachrichten.de\/wp-content\/uploads\/2008\/10\/081002-uewag1.jpg\" target=\"_blank\"><img decoding=\"async\" class=\"alignnone size-thumbnail wp-image-12477\" title=\"081002-uewag1\" src=\"http:\/\/www.schoene-nachrichten.de\/wp-content\/uploads\/2008\/10\/081002-uewag1-128x85.jpg\" alt=\"\" hspace=\"5\" width=\"128\" height=\"85\" align=\"left\" \/><\/a><strong>Fulda. <\/strong>Was sind die Energie-Konzepte der Zukunft? Welche Anteile haben Kernenergie und Windenergie bei der \u00dcWAG? Wie viele Besch\u00e4ftigte sind bei der \u00dcWAG t\u00e4tig? \u00dcber diese und \u00e4hnliche Fragen informierte sich der neu gew\u00e4hlte Juso-Vorstand gemeinsam mit Mitgliedern des SPD-Ortsvereins Fulda-S\u00fcd. Dessen Vorsitzender, Prof. Dr. Peter Haller, betonte: \u201eDie \u00dcWAG ist aus Sicht der SPD ein zentraler Baustein f\u00fcr die wirtschaftliche Entwicklung unserer Region.\u201c(Bild: Die drei Vorstandsmitglieder der Fuldaer Jusos Philipp Kratzer, Dirk Hornung und Vorsitzender Philipp Przybylski mit dem Referenten Stefan Auth (von links)).<!--more-->Stefan Auth vom \u00dcWAG-Informationszentrum beantwortete auch die kritischen Fragen der Juso-Mitglieder nach der Nachhaltigkeit der Stromproduktion mit hoher Sachkompetenz. \u201eF\u00fcr uns ist die Frage der \u00f6kologischen Vertr\u00e4glichkeit der Stromproduktion von zentraler Bedeutung\u201c stellte Philipp Przybylski in der Diskussion klar.<\/p>\n<p>Die Nachwuchs-Sozialdemokraten wollen ihre neuen Einblicke in die Arbeit des kommunalen Energieversorgers und seiner Tochtergesellschaften zu weiteren politischen Initiativen f\u00fcr die Region Fulda nutzen.<\/p>\n","protected":false},"excerpt":{"rendered":"<div class=\"tmnf_excerpt\"><p>Fulda. Was sind die Energie-Konzepte der Zukunft? Welche Anteile haben Kernenergie und Windenergie bei der \u00dcWAG? Wie viele Besch\u00e4ftigte sind bei der \u00dcWAG t\u00e4tig? \u00dcber diese und \u00e4hnliche Fragen informierte sich der neu gew\u00e4hlte Juso-Vorstand gemeinsam mit Mitgliedern des SPD-Ortsvereins Fulda-S\u00fcd. Dessen Vorsitzender, Prof. Dr. Peter Haller, betonte: \u201eDie \u00dcWAG ist aus Sicht der SPD &hellip;<\/p>\n<\/div>","protected":false},"author":1,"featured_media":0,"comment_status":"closed","ping_status":"closed","sticky":false,"template":"","format":"standard","meta":{"footnotes":""},"categories":[1,72,29],"tags":[],"class_list":["post-12475","post","type-post","status-publish","format-standard","hentry","category-startseite","category-jugend","category-politik"],"_links":{"self":[{"href":"https:\/\/www.fuldaernachrichten.de\/index.php?rest_route=\/wp\/v2\/posts\/12475","targetHints":{"allow":["GET"]}}],"collection":[{"href":"https:\/\/www.fuldaernachrichten.de\/index.php?rest_route=\/wp\/v2\/posts"}],"about":[{"href":"https:\/\/www.fuldaernachrichten.de\/index.php?rest_route=\/wp\/v2\/types\/post"}],"author":[{"embeddable":true,"href":"https:\/\/www.fuldaernachrichten.de\/index.php?rest_route=\/wp\/v2\/users\/1"}],"replies":[{"embeddable":true,"href":"https:\/\/www.fuldaernachrichten.de\/index.php?rest_route=%2Fwp%2Fv2%2Fcomments&post=12475"}],"version-history":[{"count":0,"href":"https:\/\/www.fuldaernachrichten.de\/index.php?rest_route=\/wp\/v2\/posts\/12475\/revisions"}],"wp:attachment":[{"href":"https:\/\/www.fuldaernachrichten.de\/index.php?rest_route=%2Fwp%2Fv2%2Fmedia&parent=12475"}],"wp:term":[{"taxonomy":"category","embeddable":true,"href":"https:\/\/www.fuldaernachrichten.de\/index.php?rest_route=%2Fwp%2Fv2%2Fcategories&post=12475"},{"taxonomy":"post_tag","embeddable":true,"href":"https:\/\/www.fuldaernachrichten.de\/index.php?rest_route=%2Fwp%2Fv2%2Ftags&post=12475"}],"curies":[{"name":"wp","href":"https:\/\/api.w.org\/{rel}","templated":true}]}}