{"id":124741,"date":"2014-06-02T00:17:44","date_gmt":"2014-06-02T00:17:44","guid":{"rendered":"http:\/\/www.fuldaer-nachrichten.de\/?p=124741"},"modified":"2014-06-02T06:18:17","modified_gmt":"2014-06-02T06:18:17","slug":"holunderbluetenduft-vhs-kurs-mit-ute-krenzer","status":"publish","type":"post","link":"https:\/\/www.fuldaernachrichten.de\/?p=124741","title":{"rendered":"Holunderbl\u00fctenduft &#8211; VHS-Kurs mit Ute Krenzer"},"content":{"rendered":"<p>Fulda. Der einzigartige Duft der Holunderbl\u00fcten l\u00e4sst sich in vielen K\u00f6stlichkeiten einfangen. In einem Kurs der Volkshochschule des Landkreises Fulda zeigt Ute Krenzer, wie Holunderbl\u00fcten verarbeitet werden, und hat jede Menge Rezepte zum Nachkochen. Beginn ist am Mittwoch, 11. Juni, um 18 Uhr im Georg-Stieler-Haus, Gallasiniring 1, in Fulda. Info und Anmeldung mindestens eine Woche vorher bei der VHS-Gesch\u00e4ftsstelle, Telefon (0661)25199-0, oder unter <a href=\"http:\/\/www.vhs-fulda.de\">www.vhs-fulda.de<\/a>.<\/p>\n<p>&nbsp;<\/p>\n","protected":false},"excerpt":{"rendered":"<div class=\"tmnf_excerpt\"><p>Fulda. Der einzigartige Duft der Holunderbl\u00fcten l\u00e4sst sich in vielen K\u00f6stlichkeiten einfangen. In einem Kurs der Volkshochschule des Landkreises Fulda zeigt Ute Krenzer, wie Holunderbl\u00fcten verarbeitet werden, und hat jede Menge Rezepte zum Nachkochen. Beginn ist am Mittwoch, 11. Juni, um 18 Uhr im Georg-Stieler-Haus, Gallasiniring 1, in Fulda. Info und Anmeldung mindestens eine Woche &hellip;<\/p>\n<\/div>","protected":false},"author":1,"featured_media":0,"comment_status":"closed","ping_status":"closed","sticky":false,"template":"","format":"standard","meta":{"footnotes":""},"categories":[1,37],"tags":[],"class_list":["post-124741","post","type-post","status-publish","format-standard","hentry","category-startseite","category-essen-und-trinken"],"_links":{"self":[{"href":"https:\/\/www.fuldaernachrichten.de\/index.php?rest_route=\/wp\/v2\/posts\/124741","targetHints":{"allow":["GET"]}}],"collection":[{"href":"https:\/\/www.fuldaernachrichten.de\/index.php?rest_route=\/wp\/v2\/posts"}],"about":[{"href":"https:\/\/www.fuldaernachrichten.de\/index.php?rest_route=\/wp\/v2\/types\/post"}],"author":[{"embeddable":true,"href":"https:\/\/www.fuldaernachrichten.de\/index.php?rest_route=\/wp\/v2\/users\/1"}],"replies":[{"embeddable":true,"href":"https:\/\/www.fuldaernachrichten.de\/index.php?rest_route=%2Fwp%2Fv2%2Fcomments&post=124741"}],"version-history":[{"count":1,"href":"https:\/\/www.fuldaernachrichten.de\/index.php?rest_route=\/wp\/v2\/posts\/124741\/revisions"}],"predecessor-version":[{"id":124742,"href":"https:\/\/www.fuldaernachrichten.de\/index.php?rest_route=\/wp\/v2\/posts\/124741\/revisions\/124742"}],"wp:attachment":[{"href":"https:\/\/www.fuldaernachrichten.de\/index.php?rest_route=%2Fwp%2Fv2%2Fmedia&parent=124741"}],"wp:term":[{"taxonomy":"category","embeddable":true,"href":"https:\/\/www.fuldaernachrichten.de\/index.php?rest_route=%2Fwp%2Fv2%2Fcategories&post=124741"},{"taxonomy":"post_tag","embeddable":true,"href":"https:\/\/www.fuldaernachrichten.de\/index.php?rest_route=%2Fwp%2Fv2%2Ftags&post=124741"}],"curies":[{"name":"wp","href":"https:\/\/api.w.org\/{rel}","templated":true}]}}