{"id":124687,"date":"2014-05-31T08:57:12","date_gmt":"2014-05-31T08:57:12","guid":{"rendered":"http:\/\/www.fuldaer-nachrichten.de\/?p=124687"},"modified":"2014-05-31T08:57:12","modified_gmt":"2014-05-31T08:57:12","slug":"flanieren-in-und-um-das-autohaus-bis-spaet-in-die-nacht-lange-nacht-der-jahreswagen-autohaus-sorg-praesentierte-junge-gebrauchte","status":"publish","type":"post","link":"https:\/\/www.fuldaernachrichten.de\/?p=124687","title":{"rendered":"Flanieren in und um das Autohaus bis sp\u00e4t in die Nacht Lange Nacht der Jahreswagen: Autohaus Sorg pr\u00e4sentierte junge Gebrauchte"},"content":{"rendered":"<p><a href=\"http:\/\/www.fuldaer-nachrichten.de\/wp-content\/uploads\/2014\/05\/6742.jpg\"><img decoding=\"async\" class=\"alignleft size-thumbnail wp-image-124689\" src=\"http:\/\/www.fuldaer-nachrichten.de\/wp-content\/uploads\/2014\/05\/6742-265x176.jpg\" alt=\"6742\" width=\"265\" height=\"176\" srcset=\"https:\/\/www.fuldaernachrichten.de\/wp-content\/uploads\/2014\/05\/6742-265x176.jpg 265w, https:\/\/www.fuldaernachrichten.de\/wp-content\/uploads\/2014\/05\/6742.jpg 600w\" sizes=\"(max-width: 265px) 100vw, 265px\" \/><\/a>Fulda. \u201eDie lange Nacht der Jahreswagen\u201c \u2013 mit jungen Gebrauchten und einem attraktiven Rahmenprogramm.\u201c Am 28. Mai fand dieser j\u00e4hrlich wiederkehrende exklusiv Event von 18 bis 24 Uhr im Fuldaer Autohaus Sorg in der Kreuzbergstra\u00dfe statt; Mehr als 130 Tageszulassungen und Jahreswagen der Marken Ford, Jageguar und LandRover pr\u00e4sentiert das Autohaus Sorg dort jederzeit auf dem mehr als 6000 Quadratmeter gro\u00dfen Au\u00dfenbereich.<!--more--><\/p>\n<p>W\u00e4hrend Beratungen und Testfahrten \u00fcblicherweise nur zu den \u201enormalen\u201c \u00d6ffnungszeiten des Autohauses m\u00f6glich sind, konnten Interessierte w\u00e4hrend der langen Nacht der Jahreswagen auch zwischen 18 und 24 Uhr noch auf den gesamten Fuhrpark und die kompetente Unterst\u00fctzung der Verkaufsberater im Autohaus Sorg zur\u00fcckgreifen. Das Autohaus Sorg hat in den vergangenen Jahren intensiv in den Stammsitz der Unternehmensgruppe in der Fuldaer Kreuzbergstra\u00dfe investiert. Das l\u00e4sst seitdem auch die Jahres- und Gebrauchtwagen auf dem Ausstellungsgel\u00e4nde Richtung B27 in neuem Glanz erstrahlen: \u201eMit unserer topmodernen Beleuchtungsanlage setzen wir die Fahrzeuge \u2013 vom kleinen Cityflitzer Ford Ka, bis hin zu den Transit-Transportern und den Oberklassemodellen von Jaguar und LandRover \u2013 bei Tag und Nacht gekonnt in Szene. Daraus resultierte schlie\u00dflich auch die Idee zu diesem einzigartigen Event\u201c, erkl\u00e4rt der gesch\u00e4ftsf\u00fchrende Gesellschafter Helmut Sorg.<\/p>\n<p><a href=\"http:\/\/www.fuldaer-nachrichten.de\/wp-content\/uploads\/2014\/05\/6712.jpg\"><img decoding=\"async\" class=\"alignleft size-thumbnail wp-image-124688\" src=\"http:\/\/www.fuldaer-nachrichten.de\/wp-content\/uploads\/2014\/05\/6712-265x176.jpg\" alt=\"6712\" width=\"265\" height=\"176\" srcset=\"https:\/\/www.fuldaernachrichten.de\/wp-content\/uploads\/2014\/05\/6712-265x176.jpg 265w, https:\/\/www.fuldaernachrichten.de\/wp-content\/uploads\/2014\/05\/6712.jpg 600w\" sizes=\"(max-width: 265px) 100vw, 265px\" \/><\/a>Neben einer kostenlosen Wertermittlung f\u00fcr Gebrauchtwagen und Probefahrten mit der jeweiligen Modellpalette der 3 im Autohaus vertretenen Marken, gab es an diesem Abend \u2013 quasi als kleinen Vorgeschmack auf die Fu\u00dfball-Weltmeisterschaften \u2013 f\u00fcr jeden \u201eTestfahrer\u201c ein Replikat des WM-Fu\u00dfballs der Marke Adidas geschenkt. Au\u00dferdem wurden in einer Tombola attraktive Preise \u2013 wie Tagesfahrten in die Ford-Werke nach K\u00f6ln samt Stadtbesichtigung und Wochenenden mit dem neuen Ford Kuga \u2013 verlost.<\/p>\n<p>Wer sich \u00fcber die Angebote des Autohauses Sorg noch informieren m\u00f6chte hat an diesem Wochenende noch die M\u00f6glichkeit dazu. Das gleiche Rahmenprogramm wird am Samstag, 31. Mai von 10 bis 16 Uhr noch einmal geboten.<\/p>\n<p>Mehr als 130 Tageszulassungen und Jahreswagen h\u00e4lt das Autohaus permanent bereit, und das mit dem vollen Service und den Dienstleistungen, die sich die Kunden w\u00fcnschen: \u201eF\u00fcr alle Jahreswagen gibt es drei bis f\u00fcnf Jahre Neuwagengarantie ab Erstzulassung, 14 Tage R\u00fcckgaberecht nach Kauf, Inzahlungnahme von Gebrauchtwagen, Finanzierungen ab 0,99 Prozent effektivem Jahreszins und wir reservieren Ihr Wunschfahrzeug f\u00fcr drei Tage, damit Sie Ihre Entscheidung in Ruhe \u00fcberdenken k\u00f6nnen\u201c, erkl\u00e4rt Jutta Seegr\u00e4ber, Verkaufsleiterin f\u00fcr Gebrauchtwagen im Autohaus Sorg \u2013 und bringt die Vorteile des Jahreswagenkaufs auf eine kompakte Formel: \u201eWenig Kilometer, niedriger Preis!\u201c Bis zu 42 Prozent Rabatt auf die Listenpreise der Hersteller seien m\u00f6glich \u2013 und das bei allen Modellen der Hersteller Ford, Jaguar und LandRover.<\/p>\n<p>Tagesaktuelle Infos und Angebote gibt es im Internet: <strong>www.sorg-gruppe.de<\/strong><\/p>\n","protected":false},"excerpt":{"rendered":"<div class=\"tmnf_excerpt\"><p>Fulda. \u201eDie lange Nacht der Jahreswagen\u201c \u2013 mit jungen Gebrauchten und einem attraktiven Rahmenprogramm.\u201c Am 28. Mai fand dieser j\u00e4hrlich wiederkehrende exklusiv Event von 18 bis 24 Uhr im Fuldaer Autohaus Sorg in der Kreuzbergstra\u00dfe statt; Mehr als 130 Tageszulassungen und Jahreswagen der Marken Ford, Jageguar und LandRover pr\u00e4sentiert das Autohaus Sorg dort jederzeit auf &hellip;<\/p>\n<\/div>","protected":false},"author":1,"featured_media":0,"comment_status":"closed","ping_status":"closed","sticky":false,"template":"","format":"standard","meta":{"footnotes":""},"categories":[1],"tags":[],"class_list":["post-124687","post","type-post","status-publish","format-standard","hentry","category-startseite"],"_links":{"self":[{"href":"https:\/\/www.fuldaernachrichten.de\/index.php?rest_route=\/wp\/v2\/posts\/124687","targetHints":{"allow":["GET"]}}],"collection":[{"href":"https:\/\/www.fuldaernachrichten.de\/index.php?rest_route=\/wp\/v2\/posts"}],"about":[{"href":"https:\/\/www.fuldaernachrichten.de\/index.php?rest_route=\/wp\/v2\/types\/post"}],"author":[{"embeddable":true,"href":"https:\/\/www.fuldaernachrichten.de\/index.php?rest_route=\/wp\/v2\/users\/1"}],"replies":[{"embeddable":true,"href":"https:\/\/www.fuldaernachrichten.de\/index.php?rest_route=%2Fwp%2Fv2%2Fcomments&post=124687"}],"version-history":[{"count":1,"href":"https:\/\/www.fuldaernachrichten.de\/index.php?rest_route=\/wp\/v2\/posts\/124687\/revisions"}],"predecessor-version":[{"id":124690,"href":"https:\/\/www.fuldaernachrichten.de\/index.php?rest_route=\/wp\/v2\/posts\/124687\/revisions\/124690"}],"wp:attachment":[{"href":"https:\/\/www.fuldaernachrichten.de\/index.php?rest_route=%2Fwp%2Fv2%2Fmedia&parent=124687"}],"wp:term":[{"taxonomy":"category","embeddable":true,"href":"https:\/\/www.fuldaernachrichten.de\/index.php?rest_route=%2Fwp%2Fv2%2Fcategories&post=124687"},{"taxonomy":"post_tag","embeddable":true,"href":"https:\/\/www.fuldaernachrichten.de\/index.php?rest_route=%2Fwp%2Fv2%2Ftags&post=124687"}],"curies":[{"name":"wp","href":"https:\/\/api.w.org\/{rel}","templated":true}]}}